{"id":8278,"date":"2026-04-29T15:13:46","date_gmt":"2026-04-29T15:13:46","guid":{"rendered":"https:\/\/lasso.pt\/green-bee-underground-containers-in-the-new-phase-of-waste-collection-in-sao-joao-da-madeira\/"},"modified":"2026-04-29T15:19:31","modified_gmt":"2026-04-29T15:19:31","slug":"green-bee-underground-containers-in-the-new-phase-of-waste-collection-in-sao-joao-da-madeira","status":"publish","type":"post","link":"https:\/\/lasso.pt\/en\/green-bee-underground-containers-in-the-new-phase-of-waste-collection-in-sao-joao-da-madeira\/","title":{"rendered":"Green Bee underground containers in the new phase of waste collection in S\u00e3o Jo\u00e3o da Madeira"},"content":{"rendered":"\n<p>The Municipality of S\u00e3o Jo\u00e3o da Madeira has just launched a new phase aimed at creating a more modern and efficient waste management system, using underground Green Bee containers by Lasso, equipped with an access control system.<\/p>\n\n<p>The local authority has installed 12 eco-islands of underground Green Bee containers, which will serve around one thousand families. These include a controlled-access system applied to mixed waste and bio-waste containers, which will come into force at the beginning of May. Paper\/cardboard, plastic\/metal, and glass containers will remain freely accessible.<\/p>\n\n<p>According to the municipality, \u201cwith this model, it will be possible to identify waste producers, in line with national and European legislation, with a view to introducing in the future a fairer pricing system based on the quantity of waste produced (PAYT), rather than on water consumption, as is currently the case.\u201d<\/p>\n\n<p>Citizens will be given access to an electronic key, which they must request by April 30 via the free phone number 800 206 869. From that date onward, general waste and bio-waste containers will only be accessible to residents who have obtained the electronic key.<\/p>\n\n<p>At the same time, the Municipality is also working with the non-domestic sector in the civic center to provide bio-waste containers. This process is expected to be completed by April 30, with the removal of surface waste containers from public streets in this area planned for early May.<\/p>\n\n<p><strong>\u201cThe Municipality of S\u00e3o Jo\u00e3o da Madeira has been achieving impressive results in its urban waste management, and Lasso is proud to contribute to this success through its containers for selective urban waste collection, now equipped with a new generation of smart systems,\u201d<\/strong> said Pedro Martins da Costa, CEO of Lasso.<\/p>\n\n<p><strong>Overall waste management results in the city in 2025<\/strong>, considering a population of 24,247 inhabitants (INE 2023), include:&#13;\n<ul>&#13;\n \t<li>Total recycling increased from 26% (2024) to 36%, with a target of 60% by 2030<\/li>&#13;\n \t<li>Recycling of paper\/cardboard, plastic\/metal, and glass rose from 21.4% to 22.3%<\/li>&#13;\n \t<li>Annual urban waste generation per capita in S\u00e3o Jo\u00e3o da Madeira is 436.94 kg\/inhabitant, below the target of 511, meaning the municipality has already met this goal<\/li>&#13;\n<\/ul><\/p>\n\n<p>Daily urban waste generation per capita is 1.2 kg\/inhabitant, compared to the national average of 1.4 kg\/inhabitant (2023)<\/p>\n","protected":false},"excerpt":{"rendered":"<p>The Municipality of S\u00e3o Jo\u00e3o da Madeira has just launched a new phase aimed at creating a more modern and efficient waste management system, using underground Green Bee containers by Lasso, equipped with an access control system. The local authority has installed 12 eco-islands of underground Green Bee containers, which will serve around one thousand [&hellip;]<\/p>\n","protected":false},"author":3,"featured_media":8274,"comment_status":"closed","ping_status":"closed","sticky":false,"template":"","format":"standard","meta":{"footnotes":""},"categories":[121,130,124,85,106,160,94,177,93,173,84,159,83,115,34],"tags":[45,46,36,51,50,48,95,125,47,37],"class_list":["post-8278","post","type-post","status-publish","format-standard","has-post-thumbnail","hentry","category-biowaste","category-environment","category-pme-excelencia-en","category-selective-waste","category-semi-underground-containers-en","category-sustainability","category-underground-containers","category-underground-hydraulic-containers","category-urban-cleaning","category-urban-design","category-urban-waste","category-urban-waste-magament","category-waste-bins","category-waste-management-en","category-waste-management","tag-bio-waste","tag-domestic-waste","tag-internacionalisation","tag-recycling","tag-selective-waste","tag-underground-containers","tag-urban-cleaning","tag-waste-management-en-2","tag-waste-management-en","tag-wastemanagement"],"acf":[],"yoast_head":"<!-- This site is optimized with the Yoast SEO plugin v27.5 - https:\/\/yoast.com\/product\/yoast-seo-wordpress\/ -->\n<title>Green Bee underground containers in the new phase of waste collection in S\u00e3o Jo\u00e3o da Madeira - lasso<\/title>\n<meta name=\"robots\" content=\"index, follow, max-snippet:-1, max-image-preview:large, max-video-preview:-1\" \/>\n<link rel=\"canonical\" href=\"https:\/\/lasso.pt\/en\/green-bee-underground-containers-in-the-new-phase-of-waste-collection-in-sao-joao-da-madeira\/\" \/>\n<meta property=\"og:locale\" content=\"en_US\" \/>\n<meta property=\"og:type\" content=\"article\" \/>\n<meta property=\"og:title\" content=\"Green Bee underground containers in the new phase of waste collection in S\u00e3o Jo\u00e3o da Madeira - lasso\" \/>\n<meta property=\"og:description\" content=\"The Municipality of S\u00e3o Jo\u00e3o da Madeira has just launched a new phase aimed at creating a more modern and efficient waste management system, using underground Green Bee containers by Lasso, equipped with an access control system. The local authority has installed 12 eco-islands of underground Green Bee containers, which will serve around one thousand [&hellip;]\" \/>\n<meta property=\"og:url\" content=\"https:\/\/lasso.pt\/en\/green-bee-underground-containers-in-the-new-phase-of-waste-collection-in-sao-joao-da-madeira\/\" \/>\n<meta property=\"og:site_name\" content=\"lasso\" \/>\n<meta property=\"article:published_time\" content=\"2026-04-29T15:13:46+00:00\" \/>\n<meta property=\"article:modified_time\" content=\"2026-04-29T15:19:31+00:00\" \/>\n<meta property=\"og:image\" content=\"https:\/\/lasso.pt\/wp-content\/uploads\/2026\/04\/S.-Joao-da-Madeira.jpg\" \/>\n\t<meta property=\"og:image:width\" content=\"1209\" \/>\n\t<meta property=\"og:image:height\" content=\"359\" \/>\n\t<meta property=\"og:image:type\" content=\"image\/jpeg\" \/>\n<meta name=\"author\" content=\"Marco Ferreira\" \/>\n<meta name=\"twitter:card\" content=\"summary_large_image\" \/>\n<meta name=\"twitter:label1\" content=\"Written by\" \/>\n\t<meta name=\"twitter:data1\" content=\"Marco Ferreira\" \/>\n\t<meta name=\"twitter:label2\" content=\"Est. reading time\" \/>\n\t<meta name=\"twitter:data2\" content=\"2 minutes\" \/>\n<script type=\"application\/ld+json\" class=\"yoast-schema-graph\">{\"@context\":\"https:\\\/\\\/schema.org\",\"@graph\":[{\"@type\":\"Article\",\"@id\":\"https:\\\/\\\/lasso.pt\\\/en\\\/green-bee-underground-containers-in-the-new-phase-of-waste-collection-in-sao-joao-da-madeira\\\/#article\",\"isPartOf\":{\"@id\":\"https:\\\/\\\/lasso.pt\\\/en\\\/green-bee-underground-containers-in-the-new-phase-of-waste-collection-in-sao-joao-da-madeira\\\/\"},\"author\":{\"name\":\"Marco Ferreira\",\"@id\":\"https:\\\/\\\/lasso.pt\\\/#\\\/schema\\\/person\\\/037fcbc5ef701630790513bbe1a2cc62\"},\"headline\":\"Green Bee underground containers in the new phase of waste collection in S\u00e3o Jo\u00e3o da Madeira\",\"datePublished\":\"2026-04-29T15:13:46+00:00\",\"dateModified\":\"2026-04-29T15:19:31+00:00\",\"mainEntityOfPage\":{\"@id\":\"https:\\\/\\\/lasso.pt\\\/en\\\/green-bee-underground-containers-in-the-new-phase-of-waste-collection-in-sao-joao-da-madeira\\\/\"},\"wordCount\":382,\"image\":{\"@id\":\"https:\\\/\\\/lasso.pt\\\/en\\\/green-bee-underground-containers-in-the-new-phase-of-waste-collection-in-sao-joao-da-madeira\\\/#primaryimage\"},\"thumbnailUrl\":\"https:\\\/\\\/lasso.pt\\\/wp-content\\\/uploads\\\/2026\\\/04\\\/S.-Joao-da-Madeira.jpg\",\"keywords\":[\"bio-waste\",\"domestic waste\",\"Internacionalisation\",\"recycling\",\"selective waste\",\"underground containers\",\"urban cleaning\",\"Waste Management\",\"waste management\",\"wastemanagement\"],\"articleSection\":[\"biowaste\",\"environment\",\"PME Excel\u00eancia\",\"Selective waste\",\"Semi-underground containers\",\"Sustainability\",\"underground containers\",\"underground hydraulic containers\",\"urban cleaning\",\"Urban design\",\"urban waste\",\"Urban waste magament\",\"Waste bins\",\"Waste Management\",\"waste management\"],\"inLanguage\":\"en-US\"},{\"@type\":\"WebPage\",\"@id\":\"https:\\\/\\\/lasso.pt\\\/en\\\/green-bee-underground-containers-in-the-new-phase-of-waste-collection-in-sao-joao-da-madeira\\\/\",\"url\":\"https:\\\/\\\/lasso.pt\\\/en\\\/green-bee-underground-containers-in-the-new-phase-of-waste-collection-in-sao-joao-da-madeira\\\/\",\"name\":\"Green Bee underground containers in the new phase of waste collection in S\u00e3o Jo\u00e3o da Madeira - lasso\",\"isPartOf\":{\"@id\":\"https:\\\/\\\/lasso.pt\\\/#website\"},\"primaryImageOfPage\":{\"@id\":\"https:\\\/\\\/lasso.pt\\\/en\\\/green-bee-underground-containers-in-the-new-phase-of-waste-collection-in-sao-joao-da-madeira\\\/#primaryimage\"},\"image\":{\"@id\":\"https:\\\/\\\/lasso.pt\\\/en\\\/green-bee-underground-containers-in-the-new-phase-of-waste-collection-in-sao-joao-da-madeira\\\/#primaryimage\"},\"thumbnailUrl\":\"https:\\\/\\\/lasso.pt\\\/wp-content\\\/uploads\\\/2026\\\/04\\\/S.-Joao-da-Madeira.jpg\",\"datePublished\":\"2026-04-29T15:13:46+00:00\",\"dateModified\":\"2026-04-29T15:19:31+00:00\",\"author\":{\"@id\":\"https:\\\/\\\/lasso.pt\\\/#\\\/schema\\\/person\\\/037fcbc5ef701630790513bbe1a2cc62\"},\"breadcrumb\":{\"@id\":\"https:\\\/\\\/lasso.pt\\\/en\\\/green-bee-underground-containers-in-the-new-phase-of-waste-collection-in-sao-joao-da-madeira\\\/#breadcrumb\"},\"inLanguage\":\"en-US\",\"potentialAction\":[{\"@type\":\"ReadAction\",\"target\":[\"https:\\\/\\\/lasso.pt\\\/en\\\/green-bee-underground-containers-in-the-new-phase-of-waste-collection-in-sao-joao-da-madeira\\\/\"]}]},{\"@type\":\"ImageObject\",\"inLanguage\":\"en-US\",\"@id\":\"https:\\\/\\\/lasso.pt\\\/en\\\/green-bee-underground-containers-in-the-new-phase-of-waste-collection-in-sao-joao-da-madeira\\\/#primaryimage\",\"url\":\"https:\\\/\\\/lasso.pt\\\/wp-content\\\/uploads\\\/2026\\\/04\\\/S.-Joao-da-Madeira.jpg\",\"contentUrl\":\"https:\\\/\\\/lasso.pt\\\/wp-content\\\/uploads\\\/2026\\\/04\\\/S.-Joao-da-Madeira.jpg\",\"width\":1209,\"height\":359,\"caption\":\"Contentores enterrados Green Bee em S. Jo\u00e3o da Madeira\"},{\"@type\":\"BreadcrumbList\",\"@id\":\"https:\\\/\\\/lasso.pt\\\/en\\\/green-bee-underground-containers-in-the-new-phase-of-waste-collection-in-sao-joao-da-madeira\\\/#breadcrumb\",\"itemListElement\":[{\"@type\":\"ListItem\",\"position\":1,\"name\":\"Home\",\"item\":\"https:\\\/\\\/lasso.pt\\\/en\\\/\"},{\"@type\":\"ListItem\",\"position\":2,\"name\":\"Green Bee underground containers in the new phase of waste collection in S\u00e3o Jo\u00e3o da Madeira\"}]},{\"@type\":\"WebSite\",\"@id\":\"https:\\\/\\\/lasso.pt\\\/#website\",\"url\":\"https:\\\/\\\/lasso.pt\\\/\",\"name\":\"lasso\",\"description\":\"Empresa de refer&ecirc;ncia no mercado dos contentores enterrados e semienterrados\",\"potentialAction\":[{\"@type\":\"SearchAction\",\"target\":{\"@type\":\"EntryPoint\",\"urlTemplate\":\"https:\\\/\\\/lasso.pt\\\/?s={search_term_string}\"},\"query-input\":{\"@type\":\"PropertyValueSpecification\",\"valueRequired\":true,\"valueName\":\"search_term_string\"}}],\"inLanguage\":\"en-US\"},{\"@type\":\"Person\",\"@id\":\"https:\\\/\\\/lasso.pt\\\/#\\\/schema\\\/person\\\/037fcbc5ef701630790513bbe1a2cc62\",\"name\":\"Marco Ferreira\",\"image\":{\"@type\":\"ImageObject\",\"inLanguage\":\"en-US\",\"@id\":\"https:\\\/\\\/secure.gravatar.com\\\/avatar\\\/f7aaa8671715ef738c0fdf16d814d74c5290b5389e5576b876d3031350976d1a?s=96&d=mm&r=g\",\"url\":\"https:\\\/\\\/secure.gravatar.com\\\/avatar\\\/f7aaa8671715ef738c0fdf16d814d74c5290b5389e5576b876d3031350976d1a?s=96&d=mm&r=g\",\"contentUrl\":\"https:\\\/\\\/secure.gravatar.com\\\/avatar\\\/f7aaa8671715ef738c0fdf16d814d74c5290b5389e5576b876d3031350976d1a?s=96&d=mm&r=g\",\"caption\":\"Marco Ferreira\"},\"url\":\"https:\\\/\\\/lasso.pt\\\/en\\\/author\\\/marco-alexandre-ferreira\\\/\"}]}<\/script>\n<!-- \/ Yoast SEO plugin. -->","yoast_head_json":{"title":"Green Bee underground containers in the new phase of waste collection in S\u00e3o Jo\u00e3o da Madeira - lasso","robots":{"index":"index","follow":"follow","max-snippet":"max-snippet:-1","max-image-preview":"max-image-preview:large","max-video-preview":"max-video-preview:-1"},"canonical":"https:\/\/lasso.pt\/en\/green-bee-underground-containers-in-the-new-phase-of-waste-collection-in-sao-joao-da-madeira\/","og_locale":"en_US","og_type":"article","og_title":"Green Bee underground containers in the new phase of waste collection in S\u00e3o Jo\u00e3o da Madeira - lasso","og_description":"The Municipality of S\u00e3o Jo\u00e3o da Madeira has just launched a new phase aimed at creating a more modern and efficient waste management system, using underground Green Bee containers by Lasso, equipped with an access control system. The local authority has installed 12 eco-islands of underground Green Bee containers, which will serve around one thousand [&hellip;]","og_url":"https:\/\/lasso.pt\/en\/green-bee-underground-containers-in-the-new-phase-of-waste-collection-in-sao-joao-da-madeira\/","og_site_name":"lasso","article_published_time":"2026-04-29T15:13:46+00:00","article_modified_time":"2026-04-29T15:19:31+00:00","og_image":[{"width":1209,"height":359,"url":"https:\/\/lasso.pt\/wp-content\/uploads\/2026\/04\/S.-Joao-da-Madeira.jpg","type":"image\/jpeg"}],"author":"Marco Ferreira","twitter_card":"summary_large_image","twitter_misc":{"Written by":"Marco Ferreira","Est. reading time":"2 minutes"},"schema":{"@context":"https:\/\/schema.org","@graph":[{"@type":"Article","@id":"https:\/\/lasso.pt\/en\/green-bee-underground-containers-in-the-new-phase-of-waste-collection-in-sao-joao-da-madeira\/#article","isPartOf":{"@id":"https:\/\/lasso.pt\/en\/green-bee-underground-containers-in-the-new-phase-of-waste-collection-in-sao-joao-da-madeira\/"},"author":{"name":"Marco Ferreira","@id":"https:\/\/lasso.pt\/#\/schema\/person\/037fcbc5ef701630790513bbe1a2cc62"},"headline":"Green Bee underground containers in the new phase of waste collection in S\u00e3o Jo\u00e3o da Madeira","datePublished":"2026-04-29T15:13:46+00:00","dateModified":"2026-04-29T15:19:31+00:00","mainEntityOfPage":{"@id":"https:\/\/lasso.pt\/en\/green-bee-underground-containers-in-the-new-phase-of-waste-collection-in-sao-joao-da-madeira\/"},"wordCount":382,"image":{"@id":"https:\/\/lasso.pt\/en\/green-bee-underground-containers-in-the-new-phase-of-waste-collection-in-sao-joao-da-madeira\/#primaryimage"},"thumbnailUrl":"https:\/\/lasso.pt\/wp-content\/uploads\/2026\/04\/S.-Joao-da-Madeira.jpg","keywords":["bio-waste","domestic waste","Internacionalisation","recycling","selective waste","underground containers","urban cleaning","Waste Management","waste management","wastemanagement"],"articleSection":["biowaste","environment","PME Excel\u00eancia","Selective waste","Semi-underground containers","Sustainability","underground containers","underground hydraulic containers","urban cleaning","Urban design","urban waste","Urban waste magament","Waste bins","Waste Management","waste management"],"inLanguage":"en-US"},{"@type":"WebPage","@id":"https:\/\/lasso.pt\/en\/green-bee-underground-containers-in-the-new-phase-of-waste-collection-in-sao-joao-da-madeira\/","url":"https:\/\/lasso.pt\/en\/green-bee-underground-containers-in-the-new-phase-of-waste-collection-in-sao-joao-da-madeira\/","name":"Green Bee underground containers in the new phase of waste collection in S\u00e3o Jo\u00e3o da Madeira - lasso","isPartOf":{"@id":"https:\/\/lasso.pt\/#website"},"primaryImageOfPage":{"@id":"https:\/\/lasso.pt\/en\/green-bee-underground-containers-in-the-new-phase-of-waste-collection-in-sao-joao-da-madeira\/#primaryimage"},"image":{"@id":"https:\/\/lasso.pt\/en\/green-bee-underground-containers-in-the-new-phase-of-waste-collection-in-sao-joao-da-madeira\/#primaryimage"},"thumbnailUrl":"https:\/\/lasso.pt\/wp-content\/uploads\/2026\/04\/S.-Joao-da-Madeira.jpg","datePublished":"2026-04-29T15:13:46+00:00","dateModified":"2026-04-29T15:19:31+00:00","author":{"@id":"https:\/\/lasso.pt\/#\/schema\/person\/037fcbc5ef701630790513bbe1a2cc62"},"breadcrumb":{"@id":"https:\/\/lasso.pt\/en\/green-bee-underground-containers-in-the-new-phase-of-waste-collection-in-sao-joao-da-madeira\/#breadcrumb"},"inLanguage":"en-US","potentialAction":[{"@type":"ReadAction","target":["https:\/\/lasso.pt\/en\/green-bee-underground-containers-in-the-new-phase-of-waste-collection-in-sao-joao-da-madeira\/"]}]},{"@type":"ImageObject","inLanguage":"en-US","@id":"https:\/\/lasso.pt\/en\/green-bee-underground-containers-in-the-new-phase-of-waste-collection-in-sao-joao-da-madeira\/#primaryimage","url":"https:\/\/lasso.pt\/wp-content\/uploads\/2026\/04\/S.-Joao-da-Madeira.jpg","contentUrl":"https:\/\/lasso.pt\/wp-content\/uploads\/2026\/04\/S.-Joao-da-Madeira.jpg","width":1209,"height":359,"caption":"Contentores enterrados Green Bee em S. Jo\u00e3o da Madeira"},{"@type":"BreadcrumbList","@id":"https:\/\/lasso.pt\/en\/green-bee-underground-containers-in-the-new-phase-of-waste-collection-in-sao-joao-da-madeira\/#breadcrumb","itemListElement":[{"@type":"ListItem","position":1,"name":"Home","item":"https:\/\/lasso.pt\/en\/"},{"@type":"ListItem","position":2,"name":"Green Bee underground containers in the new phase of waste collection in S\u00e3o Jo\u00e3o da Madeira"}]},{"@type":"WebSite","@id":"https:\/\/lasso.pt\/#website","url":"https:\/\/lasso.pt\/","name":"lasso","description":"Empresa de refer&ecirc;ncia no mercado dos contentores enterrados e semienterrados","potentialAction":[{"@type":"SearchAction","target":{"@type":"EntryPoint","urlTemplate":"https:\/\/lasso.pt\/?s={search_term_string}"},"query-input":{"@type":"PropertyValueSpecification","valueRequired":true,"valueName":"search_term_string"}}],"inLanguage":"en-US"},{"@type":"Person","@id":"https:\/\/lasso.pt\/#\/schema\/person\/037fcbc5ef701630790513bbe1a2cc62","name":"Marco Ferreira","image":{"@type":"ImageObject","inLanguage":"en-US","@id":"https:\/\/secure.gravatar.com\/avatar\/f7aaa8671715ef738c0fdf16d814d74c5290b5389e5576b876d3031350976d1a?s=96&d=mm&r=g","url":"https:\/\/secure.gravatar.com\/avatar\/f7aaa8671715ef738c0fdf16d814d74c5290b5389e5576b876d3031350976d1a?s=96&d=mm&r=g","contentUrl":"https:\/\/secure.gravatar.com\/avatar\/f7aaa8671715ef738c0fdf16d814d74c5290b5389e5576b876d3031350976d1a?s=96&d=mm&r=g","caption":"Marco Ferreira"},"url":"https:\/\/lasso.pt\/en\/author\/marco-alexandre-ferreira\/"}]}},"_links":{"self":[{"href":"https:\/\/lasso.pt\/en\/wp-json\/wp\/v2\/posts\/8278","targetHints":{"allow":["GET"]}}],"collection":[{"href":"https:\/\/lasso.pt\/en\/wp-json\/wp\/v2\/posts"}],"about":[{"href":"https:\/\/lasso.pt\/en\/wp-json\/wp\/v2\/types\/post"}],"author":[{"embeddable":true,"href":"https:\/\/lasso.pt\/en\/wp-json\/wp\/v2\/users\/3"}],"replies":[{"embeddable":true,"href":"https:\/\/lasso.pt\/en\/wp-json\/wp\/v2\/comments?post=8278"}],"version-history":[{"count":1,"href":"https:\/\/lasso.pt\/en\/wp-json\/wp\/v2\/posts\/8278\/revisions"}],"predecessor-version":[{"id":8279,"href":"https:\/\/lasso.pt\/en\/wp-json\/wp\/v2\/posts\/8278\/revisions\/8279"}],"wp:featuredmedia":[{"embeddable":true,"href":"https:\/\/lasso.pt\/en\/wp-json\/wp\/v2\/media\/8274"}],"wp:attachment":[{"href":"https:\/\/lasso.pt\/en\/wp-json\/wp\/v2\/media?parent=8278"}],"wp:term":[{"taxonomy":"category","embeddable":true,"href":"https:\/\/lasso.pt\/en\/wp-json\/wp\/v2\/categories?post=8278"},{"taxonomy":"post_tag","embeddable":true,"href":"https:\/\/lasso.pt\/en\/wp-json\/wp\/v2\/tags?post=8278"}],"curies":[{"name":"wp","href":"https:\/\/api.w.org\/{rel}","templated":true}]}}