{"id":8259,"date":"2026-04-29T14:51:55","date_gmt":"2026-04-29T14:51:55","guid":{"rendered":"https:\/\/lasso.pt\/lavenir-de-la-gestion-des-dechets-est-deja-la-et-il-se-trouve-a-lifat-2026-avec-lasso\/"},"modified":"2026-04-29T15:00:42","modified_gmt":"2026-04-29T15:00:42","slug":"lavenir-de-la-gestion-des-dechets-est-deja-la-et-il-se-trouve-a-lifat-2026-avec-lasso","status":"publish","type":"post","link":"https:\/\/lasso.pt\/fr\/lavenir-de-la-gestion-des-dechets-est-deja-la-et-il-se-trouve-a-lifat-2026-avec-lasso\/","title":{"rendered":"L\u2019avenir de la gestion des d\u00e9chets est d\u00e9j\u00e0 l\u00e0 \u2014 et il se trouve \u00e0 l\u2019IFAT 2026 avec Lasso"},"content":{"rendered":"\n<p>Lasso participe une nouvelle fois \u00e0 l\u2019IFAT 2026, le plus grand \u00e9v\u00e9nement international consacr\u00e9 aux services et aux technologies environnementales. Cette participation r\u00e9currente dans le parcours de la marque renforce l\u2019engagement continu de Lasso en faveur de l\u2019innovation et du d\u00e9veloppement de solutions r\u00e9pondant aux d\u00e9fis actuels de la gestion des d\u00e9chets urbains.<\/p>\n\n<p>Lors de l\u2019\u00e9v\u00e9nement, Lasso pr\u00e9sentera ses derni\u00e8res solutions de gestion des d\u00e9chets, avec un accent particulier sur les conteneurs enterr\u00e9s, fabriqu\u00e9s \u00e0 partir de mat\u00e9riaux hautement r\u00e9sistants et durables, et int\u00e9grant des \u00e9l\u00e9ments am\u00e9liorant la s\u00e9curit\u00e9 et la fonctionnalit\u00e9. Ces \u00e9quipements au design moderne sont con\u00e7us pour garantir efficacit\u00e9, robustesse et int\u00e9gration urbaine. Ils sont \u00e9galement pr\u00eats \u00e0 int\u00e9grer des syst\u00e8mes intelligents de gestion des d\u00e9chets, permettant le contr\u00f4le d\u2019acc\u00e8s, le mod\u00e8le PAYT (Pay-As-You-Throw) ainsi que la surveillance, contribuant ainsi \u00e0 l\u2019optimisation des processus de collecte.<\/p>\n\n<p>\u00c0 une \u00e9poque o\u00f9 les villes sont confront\u00e9es \u00e0 des d\u00e9fis environnementaux croissants, la mise en \u0153uvre de syst\u00e8mes de collecte plus efficaces et technologiquement avanc\u00e9s joue un r\u00f4le central. Les solutions de Lasso contribuent \u00e0 la construction de villes plus durables, qui privil\u00e9gient la qualit\u00e9 de vie de leurs citoyens et consid\u00e8rent la gestion des d\u00e9chets comme une priorit\u00e9 strat\u00e9gique des politiques publiques.<\/p>\n\n<p>Comme le souligne Sofia Sampaio, directrice commerciale de Lasso : <strong>\u00ab \u00c0 l\u2019IFAT 2026, nous disposerons d\u2019un espace d\u00e9di\u00e9, avec nos \u00e9quipements expos\u00e9s, o\u00f9 nous serons ravis d\u2019accueillir des municipalit\u00e9s et des entreprises. C\u2019est une excellente occasion suppl\u00e9mentaire de pr\u00e9senter la nouvelle g\u00e9n\u00e9ration d\u2019\u00e9quipements pour la collecte s\u00e9lective des d\u00e9chets urbains et de partager notre vision pour l\u2019avenir des villes. \u00bb<\/strong><\/p>\n\n<p>Lasso s\u2019affirme comme une marque multinationale de r\u00e9f\u00e9rence, avec une production au Portugal et, plus r\u00e9cemment, une unit\u00e9 de fabrication en Roumanie, renfor\u00e7ant ainsi sa pr\u00e9sence sur les march\u00e9s d\u2019Europe centrale et orientale.<\/p>\n\n<p><\/p>\n","protected":false},"excerpt":{"rendered":"<p>Lasso participe une nouvelle fois \u00e0 l\u2019IFAT 2026, le plus grand \u00e9v\u00e9nement international consacr\u00e9 aux services et aux technologies environnementales. Cette participation r\u00e9currente dans le parcours de la marque renforce l\u2019engagement continu de Lasso en faveur de l\u2019innovation et du d\u00e9veloppement de solutions r\u00e9pondant aux d\u00e9fis actuels de la gestion des d\u00e9chets urbains. Lors de [&hellip;]<\/p>\n","protected":false},"author":3,"featured_media":8261,"comment_status":"closed","ping_status":"closed","sticky":false,"template":"","format":"standard","meta":{"footnotes":""},"categories":[131,88,86,97,178,126,87,174,162,132,76,161,96,105],"tags":[],"class_list":["post-8259","post","type-post","status-publish","format-standard","has-post-thumbnail","hentry","category-biodechets","category-collecte-selective","category-conteneurs-a-dechets","category-conteneurs-enterres","category-conteneurs-enterres-hydrauliques","category-dechets","category-dechets-menagers","category-design-urbain","category-durabilite","category-environnement","category-gestion-des-dechets","category-gestion-des-dechets-urbains","category-nettoyage-urbain","category-semi-underground-containers"],"acf":[],"yoast_head":"<!-- This site is optimized with the Yoast SEO plugin v27.5 - https:\/\/yoast.com\/product\/yoast-seo-wordpress\/ -->\n<title>L\u2019avenir de la gestion des d\u00e9chets est d\u00e9j\u00e0 l\u00e0 \u2014 et il se trouve \u00e0 l\u2019IFAT 2026 avec Lasso - lasso<\/title>\n<meta name=\"robots\" content=\"index, follow, max-snippet:-1, max-image-preview:large, max-video-preview:-1\" \/>\n<link rel=\"canonical\" href=\"https:\/\/lasso.pt\/fr\/lavenir-de-la-gestion-des-dechets-est-deja-la-et-il-se-trouve-a-lifat-2026-avec-lasso\/\" \/>\n<meta property=\"og:locale\" content=\"fr_FR\" \/>\n<meta property=\"og:type\" content=\"article\" \/>\n<meta property=\"og:title\" content=\"L\u2019avenir de la gestion des d\u00e9chets est d\u00e9j\u00e0 l\u00e0 \u2014 et il se trouve \u00e0 l\u2019IFAT 2026 avec Lasso - lasso\" \/>\n<meta property=\"og:description\" content=\"Lasso participe une nouvelle fois \u00e0 l\u2019IFAT 2026, le plus grand \u00e9v\u00e9nement international consacr\u00e9 aux services et aux technologies environnementales. Cette participation r\u00e9currente dans le parcours de la marque renforce l\u2019engagement continu de Lasso en faveur de l\u2019innovation et du d\u00e9veloppement de solutions r\u00e9pondant aux d\u00e9fis actuels de la gestion des d\u00e9chets urbains. Lors de [&hellip;]\" \/>\n<meta property=\"og:url\" content=\"https:\/\/lasso.pt\/fr\/lavenir-de-la-gestion-des-dechets-est-deja-la-et-il-se-trouve-a-lifat-2026-avec-lasso\/\" \/>\n<meta property=\"og:site_name\" content=\"lasso\" \/>\n<meta property=\"article:published_time\" content=\"2026-04-29T14:51:55+00:00\" \/>\n<meta property=\"article:modified_time\" content=\"2026-04-29T15:00:42+00:00\" \/>\n<meta property=\"og:image\" content=\"https:\/\/lasso.pt\/wp-content\/uploads\/2026\/04\/Noticias_FR.jpg\" \/>\n\t<meta property=\"og:image:width\" content=\"1160\" \/>\n\t<meta property=\"og:image:height\" content=\"344\" \/>\n\t<meta property=\"og:image:type\" content=\"image\/jpeg\" \/>\n<meta name=\"author\" content=\"Marco Ferreira\" \/>\n<meta name=\"twitter:card\" content=\"summary_large_image\" \/>\n<meta name=\"twitter:label1\" content=\"\u00c9crit par\" \/>\n\t<meta name=\"twitter:data1\" content=\"Marco Ferreira\" \/>\n\t<meta name=\"twitter:label2\" content=\"Dur\u00e9e de lecture estim\u00e9e\" \/>\n\t<meta name=\"twitter:data2\" content=\"2 minutes\" \/>\n<script type=\"application\/ld+json\" class=\"yoast-schema-graph\">{\"@context\":\"https:\\\/\\\/schema.org\",\"@graph\":[{\"@type\":\"Article\",\"@id\":\"https:\\\/\\\/lasso.pt\\\/fr\\\/lavenir-de-la-gestion-des-dechets-est-deja-la-et-il-se-trouve-a-lifat-2026-avec-lasso\\\/#article\",\"isPartOf\":{\"@id\":\"https:\\\/\\\/lasso.pt\\\/fr\\\/lavenir-de-la-gestion-des-dechets-est-deja-la-et-il-se-trouve-a-lifat-2026-avec-lasso\\\/\"},\"author\":{\"name\":\"Marco Ferreira\",\"@id\":\"https:\\\/\\\/lasso.pt\\\/#\\\/schema\\\/person\\\/037fcbc5ef701630790513bbe1a2cc62\"},\"headline\":\"L\u2019avenir de la gestion des d\u00e9chets est d\u00e9j\u00e0 l\u00e0 \u2014 et il se trouve \u00e0 l\u2019IFAT 2026 avec Lasso\",\"datePublished\":\"2026-04-29T14:51:55+00:00\",\"dateModified\":\"2026-04-29T15:00:42+00:00\",\"mainEntityOfPage\":{\"@id\":\"https:\\\/\\\/lasso.pt\\\/fr\\\/lavenir-de-la-gestion-des-dechets-est-deja-la-et-il-se-trouve-a-lifat-2026-avec-lasso\\\/\"},\"wordCount\":369,\"image\":{\"@id\":\"https:\\\/\\\/lasso.pt\\\/fr\\\/lavenir-de-la-gestion-des-dechets-est-deja-la-et-il-se-trouve-a-lifat-2026-avec-lasso\\\/#primaryimage\"},\"thumbnailUrl\":\"https:\\\/\\\/lasso.pt\\\/wp-content\\\/uploads\\\/2026\\\/04\\\/Noticias_FR.jpg\",\"articleSection\":[\"biod\u00e9chets\",\"collecte s\u00e9lective\",\"Conteneurs \u00e0 d\u00e9chets\",\"conteneurs enterr\u00e9s\",\"conteneurs enterr\u00e9s hydrauliques\",\"D\u00e9chets\",\"d\u00e9chets m\u00e9nagers\",\"Design urbain\",\"Durabilit\u00e9\",\"environnement\",\"Gestion des d\u00e9chets\",\"Gestion des d\u00e9chets urbains\",\"nettoyage urbain\",\"Semi-underground containers\"],\"inLanguage\":\"fr-FR\"},{\"@type\":\"WebPage\",\"@id\":\"https:\\\/\\\/lasso.pt\\\/fr\\\/lavenir-de-la-gestion-des-dechets-est-deja-la-et-il-se-trouve-a-lifat-2026-avec-lasso\\\/\",\"url\":\"https:\\\/\\\/lasso.pt\\\/fr\\\/lavenir-de-la-gestion-des-dechets-est-deja-la-et-il-se-trouve-a-lifat-2026-avec-lasso\\\/\",\"name\":\"L\u2019avenir de la gestion des d\u00e9chets est d\u00e9j\u00e0 l\u00e0 \u2014 et il se trouve \u00e0 l\u2019IFAT 2026 avec Lasso - lasso\",\"isPartOf\":{\"@id\":\"https:\\\/\\\/lasso.pt\\\/#website\"},\"primaryImageOfPage\":{\"@id\":\"https:\\\/\\\/lasso.pt\\\/fr\\\/lavenir-de-la-gestion-des-dechets-est-deja-la-et-il-se-trouve-a-lifat-2026-avec-lasso\\\/#primaryimage\"},\"image\":{\"@id\":\"https:\\\/\\\/lasso.pt\\\/fr\\\/lavenir-de-la-gestion-des-dechets-est-deja-la-et-il-se-trouve-a-lifat-2026-avec-lasso\\\/#primaryimage\"},\"thumbnailUrl\":\"https:\\\/\\\/lasso.pt\\\/wp-content\\\/uploads\\\/2026\\\/04\\\/Noticias_FR.jpg\",\"datePublished\":\"2026-04-29T14:51:55+00:00\",\"dateModified\":\"2026-04-29T15:00:42+00:00\",\"author\":{\"@id\":\"https:\\\/\\\/lasso.pt\\\/#\\\/schema\\\/person\\\/037fcbc5ef701630790513bbe1a2cc62\"},\"breadcrumb\":{\"@id\":\"https:\\\/\\\/lasso.pt\\\/fr\\\/lavenir-de-la-gestion-des-dechets-est-deja-la-et-il-se-trouve-a-lifat-2026-avec-lasso\\\/#breadcrumb\"},\"inLanguage\":\"fr-FR\",\"potentialAction\":[{\"@type\":\"ReadAction\",\"target\":[\"https:\\\/\\\/lasso.pt\\\/fr\\\/lavenir-de-la-gestion-des-dechets-est-deja-la-et-il-se-trouve-a-lifat-2026-avec-lasso\\\/\"]}]},{\"@type\":\"ImageObject\",\"inLanguage\":\"fr-FR\",\"@id\":\"https:\\\/\\\/lasso.pt\\\/fr\\\/lavenir-de-la-gestion-des-dechets-est-deja-la-et-il-se-trouve-a-lifat-2026-avec-lasso\\\/#primaryimage\",\"url\":\"https:\\\/\\\/lasso.pt\\\/wp-content\\\/uploads\\\/2026\\\/04\\\/Noticias_FR.jpg\",\"contentUrl\":\"https:\\\/\\\/lasso.pt\\\/wp-content\\\/uploads\\\/2026\\\/04\\\/Noticias_FR.jpg\",\"width\":1160,\"height\":344,\"caption\":\"Lasso dans IFAT 2026\"},{\"@type\":\"BreadcrumbList\",\"@id\":\"https:\\\/\\\/lasso.pt\\\/fr\\\/lavenir-de-la-gestion-des-dechets-est-deja-la-et-il-se-trouve-a-lifat-2026-avec-lasso\\\/#breadcrumb\",\"itemListElement\":[{\"@type\":\"ListItem\",\"position\":1,\"name\":\"Home\",\"item\":\"https:\\\/\\\/lasso.pt\\\/fr\\\/\"},{\"@type\":\"ListItem\",\"position\":2,\"name\":\"L\u2019avenir de la gestion des d\u00e9chets est d\u00e9j\u00e0 l\u00e0 \u2014 et il se trouve \u00e0 l\u2019IFAT 2026 avec Lasso\"}]},{\"@type\":\"WebSite\",\"@id\":\"https:\\\/\\\/lasso.pt\\\/#website\",\"url\":\"https:\\\/\\\/lasso.pt\\\/\",\"name\":\"lasso\",\"description\":\"Empresa de refer&ecirc;ncia no mercado dos contentores enterrados e semienterrados\",\"potentialAction\":[{\"@type\":\"SearchAction\",\"target\":{\"@type\":\"EntryPoint\",\"urlTemplate\":\"https:\\\/\\\/lasso.pt\\\/?s={search_term_string}\"},\"query-input\":{\"@type\":\"PropertyValueSpecification\",\"valueRequired\":true,\"valueName\":\"search_term_string\"}}],\"inLanguage\":\"fr-FR\"},{\"@type\":\"Person\",\"@id\":\"https:\\\/\\\/lasso.pt\\\/#\\\/schema\\\/person\\\/037fcbc5ef701630790513bbe1a2cc62\",\"name\":\"Marco Ferreira\",\"image\":{\"@type\":\"ImageObject\",\"inLanguage\":\"fr-FR\",\"@id\":\"https:\\\/\\\/secure.gravatar.com\\\/avatar\\\/f7aaa8671715ef738c0fdf16d814d74c5290b5389e5576b876d3031350976d1a?s=96&d=mm&r=g\",\"url\":\"https:\\\/\\\/secure.gravatar.com\\\/avatar\\\/f7aaa8671715ef738c0fdf16d814d74c5290b5389e5576b876d3031350976d1a?s=96&d=mm&r=g\",\"contentUrl\":\"https:\\\/\\\/secure.gravatar.com\\\/avatar\\\/f7aaa8671715ef738c0fdf16d814d74c5290b5389e5576b876d3031350976d1a?s=96&d=mm&r=g\",\"caption\":\"Marco Ferreira\"},\"url\":\"https:\\\/\\\/lasso.pt\\\/fr\\\/author\\\/marco-alexandre-ferreira\\\/\"}]}<\/script>\n<!-- \/ Yoast SEO plugin. -->","yoast_head_json":{"title":"L\u2019avenir de la gestion des d\u00e9chets est d\u00e9j\u00e0 l\u00e0 \u2014 et il se trouve \u00e0 l\u2019IFAT 2026 avec Lasso - lasso","robots":{"index":"index","follow":"follow","max-snippet":"max-snippet:-1","max-image-preview":"max-image-preview:large","max-video-preview":"max-video-preview:-1"},"canonical":"https:\/\/lasso.pt\/fr\/lavenir-de-la-gestion-des-dechets-est-deja-la-et-il-se-trouve-a-lifat-2026-avec-lasso\/","og_locale":"fr_FR","og_type":"article","og_title":"L\u2019avenir de la gestion des d\u00e9chets est d\u00e9j\u00e0 l\u00e0 \u2014 et il se trouve \u00e0 l\u2019IFAT 2026 avec Lasso - lasso","og_description":"Lasso participe une nouvelle fois \u00e0 l\u2019IFAT 2026, le plus grand \u00e9v\u00e9nement international consacr\u00e9 aux services et aux technologies environnementales. Cette participation r\u00e9currente dans le parcours de la marque renforce l\u2019engagement continu de Lasso en faveur de l\u2019innovation et du d\u00e9veloppement de solutions r\u00e9pondant aux d\u00e9fis actuels de la gestion des d\u00e9chets urbains. Lors de [&hellip;]","og_url":"https:\/\/lasso.pt\/fr\/lavenir-de-la-gestion-des-dechets-est-deja-la-et-il-se-trouve-a-lifat-2026-avec-lasso\/","og_site_name":"lasso","article_published_time":"2026-04-29T14:51:55+00:00","article_modified_time":"2026-04-29T15:00:42+00:00","og_image":[{"width":1160,"height":344,"url":"https:\/\/lasso.pt\/wp-content\/uploads\/2026\/04\/Noticias_FR.jpg","type":"image\/jpeg"}],"author":"Marco Ferreira","twitter_card":"summary_large_image","twitter_misc":{"\u00c9crit par":"Marco Ferreira","Dur\u00e9e de lecture estim\u00e9e":"2 minutes"},"schema":{"@context":"https:\/\/schema.org","@graph":[{"@type":"Article","@id":"https:\/\/lasso.pt\/fr\/lavenir-de-la-gestion-des-dechets-est-deja-la-et-il-se-trouve-a-lifat-2026-avec-lasso\/#article","isPartOf":{"@id":"https:\/\/lasso.pt\/fr\/lavenir-de-la-gestion-des-dechets-est-deja-la-et-il-se-trouve-a-lifat-2026-avec-lasso\/"},"author":{"name":"Marco Ferreira","@id":"https:\/\/lasso.pt\/#\/schema\/person\/037fcbc5ef701630790513bbe1a2cc62"},"headline":"L\u2019avenir de la gestion des d\u00e9chets est d\u00e9j\u00e0 l\u00e0 \u2014 et il se trouve \u00e0 l\u2019IFAT 2026 avec Lasso","datePublished":"2026-04-29T14:51:55+00:00","dateModified":"2026-04-29T15:00:42+00:00","mainEntityOfPage":{"@id":"https:\/\/lasso.pt\/fr\/lavenir-de-la-gestion-des-dechets-est-deja-la-et-il-se-trouve-a-lifat-2026-avec-lasso\/"},"wordCount":369,"image":{"@id":"https:\/\/lasso.pt\/fr\/lavenir-de-la-gestion-des-dechets-est-deja-la-et-il-se-trouve-a-lifat-2026-avec-lasso\/#primaryimage"},"thumbnailUrl":"https:\/\/lasso.pt\/wp-content\/uploads\/2026\/04\/Noticias_FR.jpg","articleSection":["biod\u00e9chets","collecte s\u00e9lective","Conteneurs \u00e0 d\u00e9chets","conteneurs enterr\u00e9s","conteneurs enterr\u00e9s hydrauliques","D\u00e9chets","d\u00e9chets m\u00e9nagers","Design urbain","Durabilit\u00e9","environnement","Gestion des d\u00e9chets","Gestion des d\u00e9chets urbains","nettoyage urbain","Semi-underground containers"],"inLanguage":"fr-FR"},{"@type":"WebPage","@id":"https:\/\/lasso.pt\/fr\/lavenir-de-la-gestion-des-dechets-est-deja-la-et-il-se-trouve-a-lifat-2026-avec-lasso\/","url":"https:\/\/lasso.pt\/fr\/lavenir-de-la-gestion-des-dechets-est-deja-la-et-il-se-trouve-a-lifat-2026-avec-lasso\/","name":"L\u2019avenir de la gestion des d\u00e9chets est d\u00e9j\u00e0 l\u00e0 \u2014 et il se trouve \u00e0 l\u2019IFAT 2026 avec Lasso - lasso","isPartOf":{"@id":"https:\/\/lasso.pt\/#website"},"primaryImageOfPage":{"@id":"https:\/\/lasso.pt\/fr\/lavenir-de-la-gestion-des-dechets-est-deja-la-et-il-se-trouve-a-lifat-2026-avec-lasso\/#primaryimage"},"image":{"@id":"https:\/\/lasso.pt\/fr\/lavenir-de-la-gestion-des-dechets-est-deja-la-et-il-se-trouve-a-lifat-2026-avec-lasso\/#primaryimage"},"thumbnailUrl":"https:\/\/lasso.pt\/wp-content\/uploads\/2026\/04\/Noticias_FR.jpg","datePublished":"2026-04-29T14:51:55+00:00","dateModified":"2026-04-29T15:00:42+00:00","author":{"@id":"https:\/\/lasso.pt\/#\/schema\/person\/037fcbc5ef701630790513bbe1a2cc62"},"breadcrumb":{"@id":"https:\/\/lasso.pt\/fr\/lavenir-de-la-gestion-des-dechets-est-deja-la-et-il-se-trouve-a-lifat-2026-avec-lasso\/#breadcrumb"},"inLanguage":"fr-FR","potentialAction":[{"@type":"ReadAction","target":["https:\/\/lasso.pt\/fr\/lavenir-de-la-gestion-des-dechets-est-deja-la-et-il-se-trouve-a-lifat-2026-avec-lasso\/"]}]},{"@type":"ImageObject","inLanguage":"fr-FR","@id":"https:\/\/lasso.pt\/fr\/lavenir-de-la-gestion-des-dechets-est-deja-la-et-il-se-trouve-a-lifat-2026-avec-lasso\/#primaryimage","url":"https:\/\/lasso.pt\/wp-content\/uploads\/2026\/04\/Noticias_FR.jpg","contentUrl":"https:\/\/lasso.pt\/wp-content\/uploads\/2026\/04\/Noticias_FR.jpg","width":1160,"height":344,"caption":"Lasso dans IFAT 2026"},{"@type":"BreadcrumbList","@id":"https:\/\/lasso.pt\/fr\/lavenir-de-la-gestion-des-dechets-est-deja-la-et-il-se-trouve-a-lifat-2026-avec-lasso\/#breadcrumb","itemListElement":[{"@type":"ListItem","position":1,"name":"Home","item":"https:\/\/lasso.pt\/fr\/"},{"@type":"ListItem","position":2,"name":"L\u2019avenir de la gestion des d\u00e9chets est d\u00e9j\u00e0 l\u00e0 \u2014 et il se trouve \u00e0 l\u2019IFAT 2026 avec Lasso"}]},{"@type":"WebSite","@id":"https:\/\/lasso.pt\/#website","url":"https:\/\/lasso.pt\/","name":"lasso","description":"Empresa de refer&ecirc;ncia no mercado dos contentores enterrados e semienterrados","potentialAction":[{"@type":"SearchAction","target":{"@type":"EntryPoint","urlTemplate":"https:\/\/lasso.pt\/?s={search_term_string}"},"query-input":{"@type":"PropertyValueSpecification","valueRequired":true,"valueName":"search_term_string"}}],"inLanguage":"fr-FR"},{"@type":"Person","@id":"https:\/\/lasso.pt\/#\/schema\/person\/037fcbc5ef701630790513bbe1a2cc62","name":"Marco Ferreira","image":{"@type":"ImageObject","inLanguage":"fr-FR","@id":"https:\/\/secure.gravatar.com\/avatar\/f7aaa8671715ef738c0fdf16d814d74c5290b5389e5576b876d3031350976d1a?s=96&d=mm&r=g","url":"https:\/\/secure.gravatar.com\/avatar\/f7aaa8671715ef738c0fdf16d814d74c5290b5389e5576b876d3031350976d1a?s=96&d=mm&r=g","contentUrl":"https:\/\/secure.gravatar.com\/avatar\/f7aaa8671715ef738c0fdf16d814d74c5290b5389e5576b876d3031350976d1a?s=96&d=mm&r=g","caption":"Marco Ferreira"},"url":"https:\/\/lasso.pt\/fr\/author\/marco-alexandre-ferreira\/"}]}},"_links":{"self":[{"href":"https:\/\/lasso.pt\/fr\/wp-json\/wp\/v2\/posts\/8259","targetHints":{"allow":["GET"]}}],"collection":[{"href":"https:\/\/lasso.pt\/fr\/wp-json\/wp\/v2\/posts"}],"about":[{"href":"https:\/\/lasso.pt\/fr\/wp-json\/wp\/v2\/types\/post"}],"author":[{"embeddable":true,"href":"https:\/\/lasso.pt\/fr\/wp-json\/wp\/v2\/users\/3"}],"replies":[{"embeddable":true,"href":"https:\/\/lasso.pt\/fr\/wp-json\/wp\/v2\/comments?post=8259"}],"version-history":[{"count":1,"href":"https:\/\/lasso.pt\/fr\/wp-json\/wp\/v2\/posts\/8259\/revisions"}],"predecessor-version":[{"id":8260,"href":"https:\/\/lasso.pt\/fr\/wp-json\/wp\/v2\/posts\/8259\/revisions\/8260"}],"wp:featuredmedia":[{"embeddable":true,"href":"https:\/\/lasso.pt\/fr\/wp-json\/wp\/v2\/media\/8261"}],"wp:attachment":[{"href":"https:\/\/lasso.pt\/fr\/wp-json\/wp\/v2\/media?parent=8259"}],"wp:term":[{"taxonomy":"category","embeddable":true,"href":"https:\/\/lasso.pt\/fr\/wp-json\/wp\/v2\/categories?post=8259"},{"taxonomy":"post_tag","embeddable":true,"href":"https:\/\/lasso.pt\/fr\/wp-json\/wp\/v2\/tags?post=8259"}],"curies":[{"name":"wp","href":"https:\/\/api.w.org\/{rel}","templated":true}]}}