{"id":8280,"date":"2026-04-29T15:13:46","date_gmt":"2026-04-29T15:13:46","guid":{"rendered":"https:\/\/lasso.pt\/conteneurs-enterres-green-bee-dans-la-nouvelle-phase-de-collecte-des-dechets-a-sao-joao-da-madeira\/"},"modified":"2026-04-29T15:23:47","modified_gmt":"2026-04-29T15:23:47","slug":"conteneurs-enterres-green-bee-dans-la-nouvelle-phase-de-collecte-des-dechets-a-sao-joao-da-madeira","status":"publish","type":"post","link":"https:\/\/lasso.pt\/fr\/conteneurs-enterres-green-bee-dans-la-nouvelle-phase-de-collecte-des-dechets-a-sao-joao-da-madeira\/","title":{"rendered":"Conteneurs enterr\u00e9s Green Bee dans la nouvelle phase de collecte des d\u00e9chets \u00e0 S\u00e3o Jo\u00e3o da Madeira"},"content":{"rendered":"\n<p>La municipalit\u00e9 de S\u00e3o Jo\u00e3o da Madeira, au Portugal, vient de lancer une nouvelle phase visant \u00e0 cr\u00e9er un syst\u00e8me de gestion des d\u00e9chets plus moderne et plus efficace, en utilisant des conteneurs enterr\u00e9s Green Bee de Lasso, \u00e9quip\u00e9s d\u2019un syst\u00e8me de contr\u00f4le d\u2019acc\u00e8s.<\/p>\n\n<p>L\u2019autorit\u00e9 locale a install\u00e9 12 points d&rsquo;apport volontaire de conteneurs enterr\u00e9s Green Bee, qui desserviront environ un millier de familles. Ceux-ci comprennent un syst\u00e8me d\u2019acc\u00e8s contr\u00f4l\u00e9 appliqu\u00e9 aux conteneurs d&rsquo;ordures m\u00e9nag\u00e8res et de biod\u00e9chets, qui entrera en vigueur au d\u00e9but du mois de mai. Les conteneurs de papier\/carton, plastique\/m\u00e9tal et verre resteront librement accessibles.<\/p>\n\n<p>Selon la municipalit\u00e9, \u00ab avec ce mod\u00e8le, il sera possible d\u2019identifier les producteurs de d\u00e9chets, conform\u00e9ment \u00e0 la l\u00e9gislation nationale et europ\u00e9enne, en vue d\u2019introduire \u00e0 l\u2019avenir un syst\u00e8me de tarification plus \u00e9quitable bas\u00e9 sur la quantit\u00e9 de d\u00e9chets produite (PAYT), plut\u00f4t que sur la consommation d\u2019eau, comme c\u2019est actuellement le cas. \u00bb<\/p>\n\n<p>Les citoyens recevront une cl\u00e9 \u00e9lectronique, qu\u2019ils devront demander avant le 30 avril via le num\u00e9ro vert gratuit 800 206 869. \u00c0 partir de cette date, les conteneurs d&rsquo;ordures m\u00e9nag\u00e8res et de biod\u00e9chets ne seront accessibles qu\u2019aux r\u00e9sidents ayant obtenu la cl\u00e9 \u00e9lectronique.<\/p>\n\n<p>Parall\u00e8lement, la municipalit\u00e9 travaille \u00e9galement avec le secteur non domestique dans le centre civique afin de fournir des conteneurs pour les biod\u00e9chets. Ce processus devrait \u00eatre achev\u00e9 d\u2019ici le 30 avril, avec le retrait des conteneurs de surface des voies publiques dans cette zone pr\u00e9vue pour d\u00e9but mai.<\/p>\n\n<p><strong>\u00ab La municipalit\u00e9 de S\u00e3o Jo\u00e3o da Madeira obtient des r\u00e9sultats impressionnants dans la gestion de ses d\u00e9chets urbains, et Lasso est fier de contribuer \u00e0 ce succ\u00e8s gr\u00e2ce \u00e0 ses conteneurs pour la collecte s\u00e9lective des d\u00e9chets urbains, d\u00e9sormais \u00e9quip\u00e9s d\u2019une nouvelle g\u00e9n\u00e9ration de syst\u00e8mes intelligents \u00bb,<\/strong> a d\u00e9clar\u00e9 Pedro Martins da Costa, PDG de Lasso.<\/p>\n\n<p>Les r\u00e9sultats globaux de la gestion des d\u00e9chets dans la ville en 2025, compte tenu d\u2019une population de 24 247 habitants (INE 2023), comprennent :&#13;\n&#13;\n\u2022 Le taux global de recyclage est pass\u00e9 de 26 % (2024) \u00e0 36 %, avec un objectif de 60 % d\u2019ici 2030&#13;\n\u2022 Le recyclage du papier\/carton, du plastique\/m\u00e9tal et du verre est pass\u00e9 de 21,4 % \u00e0 22,3 %&#13;\n\u2022 La production annuelle de d\u00e9chets urbains par habitant \u00e0 S\u00e3o Jo\u00e3o da Madeira est de 436,94 kg\/habitant, en dessous de l\u2019objectif de 511, ce qui signifie que la municipalit\u00e9 a d\u00e9j\u00e0 atteint cet objectif<\/p>\n\n<p>\u2022 La production quotidienne de d\u00e9chets urbains par habitant est de 1,2 kg\/habitant, contre une moyenne nationale de 1,4 kg\/habitant (2023)<\/p>\n","protected":false},"excerpt":{"rendered":"<p>La municipalit\u00e9 de S\u00e3o Jo\u00e3o da Madeira, au Portugal, vient de lancer une nouvelle phase visant \u00e0 cr\u00e9er un syst\u00e8me de gestion des d\u00e9chets plus moderne et plus efficace, en utilisant des conteneurs enterr\u00e9s Green Bee de Lasso, \u00e9quip\u00e9s d\u2019un syst\u00e8me de contr\u00f4le d\u2019acc\u00e8s. L\u2019autorit\u00e9 locale a install\u00e9 12 points d&rsquo;apport volontaire de conteneurs enterr\u00e9s [&hellip;]<\/p>\n","protected":false},"author":3,"featured_media":8275,"comment_status":"closed","ping_status":"closed","sticky":false,"template":"","format":"standard","meta":{"footnotes":""},"categories":[131,88,86,97,178,126,87,174,162,132,76,161,96,127,105],"tags":[52,57,55,53,54,63,98,128,58,61],"class_list":["post-8280","post","type-post","status-publish","format-standard","has-post-thumbnail","hentry","category-biodechets","category-collecte-selective","category-conteneurs-a-dechets","category-conteneurs-enterres","category-conteneurs-enterres-hydrauliques","category-dechets","category-dechets-menagers","category-design-urbain","category-durabilite","category-environnement","category-gestion-des-dechets","category-gestion-des-dechets-urbains","category-nettoyage-urbain","category-pme-excelencia-fr","category-semi-underground-containers","tag-biodechets","tag-collecte-selective","tag-conteneurs-enterres","tag-dechets-urbains","tag-gestion-des-dechets","tag-internationalisation","tag-nettoyage-urbain","tag-ordures-menagers","tag-recyclage","tag-recyclage-fr"],"acf":[],"yoast_head":"<!-- This site is optimized with the Yoast SEO plugin v27.5 - https:\/\/yoast.com\/product\/yoast-seo-wordpress\/ -->\n<title>Conteneurs enterr\u00e9s Green Bee dans la nouvelle phase de collecte des d\u00e9chets \u00e0 S\u00e3o Jo\u00e3o da Madeira - lasso<\/title>\n<meta name=\"robots\" content=\"index, follow, max-snippet:-1, max-image-preview:large, max-video-preview:-1\" \/>\n<link rel=\"canonical\" href=\"https:\/\/lasso.pt\/fr\/conteneurs-enterres-green-bee-dans-la-nouvelle-phase-de-collecte-des-dechets-a-sao-joao-da-madeira\/\" \/>\n<meta property=\"og:locale\" content=\"fr_FR\" \/>\n<meta property=\"og:type\" content=\"article\" \/>\n<meta property=\"og:title\" content=\"Conteneurs enterr\u00e9s Green Bee dans la nouvelle phase de collecte des d\u00e9chets \u00e0 S\u00e3o Jo\u00e3o da Madeira - lasso\" \/>\n<meta property=\"og:description\" content=\"La municipalit\u00e9 de S\u00e3o Jo\u00e3o da Madeira, au Portugal, vient de lancer une nouvelle phase visant \u00e0 cr\u00e9er un syst\u00e8me de gestion des d\u00e9chets plus moderne et plus efficace, en utilisant des conteneurs enterr\u00e9s Green Bee de Lasso, \u00e9quip\u00e9s d\u2019un syst\u00e8me de contr\u00f4le d\u2019acc\u00e8s. L\u2019autorit\u00e9 locale a install\u00e9 12 points d&rsquo;apport volontaire de conteneurs enterr\u00e9s [&hellip;]\" \/>\n<meta property=\"og:url\" content=\"https:\/\/lasso.pt\/fr\/conteneurs-enterres-green-bee-dans-la-nouvelle-phase-de-collecte-des-dechets-a-sao-joao-da-madeira\/\" \/>\n<meta property=\"og:site_name\" content=\"lasso\" \/>\n<meta property=\"article:published_time\" content=\"2026-04-29T15:13:46+00:00\" \/>\n<meta property=\"article:modified_time\" content=\"2026-04-29T15:23:47+00:00\" \/>\n<meta property=\"og:image\" content=\"https:\/\/lasso.pt\/wp-content\/uploads\/2026\/04\/S.-Joao-da-Madeira.jpg\" \/>\n\t<meta property=\"og:image:width\" content=\"1209\" \/>\n\t<meta property=\"og:image:height\" content=\"359\" \/>\n\t<meta property=\"og:image:type\" content=\"image\/jpeg\" \/>\n<meta name=\"author\" content=\"Marco Ferreira\" \/>\n<meta name=\"twitter:card\" content=\"summary_large_image\" \/>\n<meta name=\"twitter:label1\" content=\"\u00c9crit par\" \/>\n\t<meta name=\"twitter:data1\" content=\"Marco Ferreira\" \/>\n\t<meta name=\"twitter:label2\" content=\"Dur\u00e9e de lecture estim\u00e9e\" \/>\n\t<meta name=\"twitter:data2\" content=\"2 minutes\" \/>\n<script type=\"application\/ld+json\" class=\"yoast-schema-graph\">{\"@context\":\"https:\\\/\\\/schema.org\",\"@graph\":[{\"@type\":\"Article\",\"@id\":\"https:\\\/\\\/lasso.pt\\\/fr\\\/conteneurs-enterres-green-bee-dans-la-nouvelle-phase-de-collecte-des-dechets-a-sao-joao-da-madeira\\\/#article\",\"isPartOf\":{\"@id\":\"https:\\\/\\\/lasso.pt\\\/fr\\\/conteneurs-enterres-green-bee-dans-la-nouvelle-phase-de-collecte-des-dechets-a-sao-joao-da-madeira\\\/\"},\"author\":{\"name\":\"Marco Ferreira\",\"@id\":\"https:\\\/\\\/lasso.pt\\\/#\\\/schema\\\/person\\\/037fcbc5ef701630790513bbe1a2cc62\"},\"headline\":\"Conteneurs enterr\u00e9s Green Bee dans la nouvelle phase de collecte des d\u00e9chets \u00e0 S\u00e3o Jo\u00e3o da Madeira\",\"datePublished\":\"2026-04-29T15:13:46+00:00\",\"dateModified\":\"2026-04-29T15:23:47+00:00\",\"mainEntityOfPage\":{\"@id\":\"https:\\\/\\\/lasso.pt\\\/fr\\\/conteneurs-enterres-green-bee-dans-la-nouvelle-phase-de-collecte-des-dechets-a-sao-joao-da-madeira\\\/\"},\"wordCount\":477,\"image\":{\"@id\":\"https:\\\/\\\/lasso.pt\\\/fr\\\/conteneurs-enterres-green-bee-dans-la-nouvelle-phase-de-collecte-des-dechets-a-sao-joao-da-madeira\\\/#primaryimage\"},\"thumbnailUrl\":\"https:\\\/\\\/lasso.pt\\\/wp-content\\\/uploads\\\/2026\\\/04\\\/S.-Joao-da-Madeira.jpg\",\"keywords\":[\"biod\u00e9chets\",\"collecte s\u00e9lective\",\"conteneurs enterr\u00e9s\",\"d\u00e9chets urbains\",\"gestion des d\u00e9chets\",\"Internationalisation\",\"nettoyage urbain\",\"Ordures menagers\",\"recyclage\",\"recyclage\"],\"articleSection\":[\"biod\u00e9chets\",\"collecte s\u00e9lective\",\"Conteneurs \u00e0 d\u00e9chets\",\"conteneurs enterr\u00e9s\",\"conteneurs enterr\u00e9s hydrauliques\",\"D\u00e9chets\",\"d\u00e9chets m\u00e9nagers\",\"Design urbain\",\"Durabilit\u00e9\",\"environnement\",\"Gestion des d\u00e9chets\",\"Gestion des d\u00e9chets urbains\",\"nettoyage urbain\",\"PME Excel\u00eancia\",\"Semi-underground containers\"],\"inLanguage\":\"fr-FR\"},{\"@type\":\"WebPage\",\"@id\":\"https:\\\/\\\/lasso.pt\\\/fr\\\/conteneurs-enterres-green-bee-dans-la-nouvelle-phase-de-collecte-des-dechets-a-sao-joao-da-madeira\\\/\",\"url\":\"https:\\\/\\\/lasso.pt\\\/fr\\\/conteneurs-enterres-green-bee-dans-la-nouvelle-phase-de-collecte-des-dechets-a-sao-joao-da-madeira\\\/\",\"name\":\"Conteneurs enterr\u00e9s Green Bee dans la nouvelle phase de collecte des d\u00e9chets \u00e0 S\u00e3o Jo\u00e3o da Madeira - lasso\",\"isPartOf\":{\"@id\":\"https:\\\/\\\/lasso.pt\\\/#website\"},\"primaryImageOfPage\":{\"@id\":\"https:\\\/\\\/lasso.pt\\\/fr\\\/conteneurs-enterres-green-bee-dans-la-nouvelle-phase-de-collecte-des-dechets-a-sao-joao-da-madeira\\\/#primaryimage\"},\"image\":{\"@id\":\"https:\\\/\\\/lasso.pt\\\/fr\\\/conteneurs-enterres-green-bee-dans-la-nouvelle-phase-de-collecte-des-dechets-a-sao-joao-da-madeira\\\/#primaryimage\"},\"thumbnailUrl\":\"https:\\\/\\\/lasso.pt\\\/wp-content\\\/uploads\\\/2026\\\/04\\\/S.-Joao-da-Madeira.jpg\",\"datePublished\":\"2026-04-29T15:13:46+00:00\",\"dateModified\":\"2026-04-29T15:23:47+00:00\",\"author\":{\"@id\":\"https:\\\/\\\/lasso.pt\\\/#\\\/schema\\\/person\\\/037fcbc5ef701630790513bbe1a2cc62\"},\"breadcrumb\":{\"@id\":\"https:\\\/\\\/lasso.pt\\\/fr\\\/conteneurs-enterres-green-bee-dans-la-nouvelle-phase-de-collecte-des-dechets-a-sao-joao-da-madeira\\\/#breadcrumb\"},\"inLanguage\":\"fr-FR\",\"potentialAction\":[{\"@type\":\"ReadAction\",\"target\":[\"https:\\\/\\\/lasso.pt\\\/fr\\\/conteneurs-enterres-green-bee-dans-la-nouvelle-phase-de-collecte-des-dechets-a-sao-joao-da-madeira\\\/\"]}]},{\"@type\":\"ImageObject\",\"inLanguage\":\"fr-FR\",\"@id\":\"https:\\\/\\\/lasso.pt\\\/fr\\\/conteneurs-enterres-green-bee-dans-la-nouvelle-phase-de-collecte-des-dechets-a-sao-joao-da-madeira\\\/#primaryimage\",\"url\":\"https:\\\/\\\/lasso.pt\\\/wp-content\\\/uploads\\\/2026\\\/04\\\/S.-Joao-da-Madeira.jpg\",\"contentUrl\":\"https:\\\/\\\/lasso.pt\\\/wp-content\\\/uploads\\\/2026\\\/04\\\/S.-Joao-da-Madeira.jpg\",\"width\":1209,\"height\":359,\"caption\":\"Contentores enterrados Green Bee em S. Jo\u00e3o da Madeira\"},{\"@type\":\"BreadcrumbList\",\"@id\":\"https:\\\/\\\/lasso.pt\\\/fr\\\/conteneurs-enterres-green-bee-dans-la-nouvelle-phase-de-collecte-des-dechets-a-sao-joao-da-madeira\\\/#breadcrumb\",\"itemListElement\":[{\"@type\":\"ListItem\",\"position\":1,\"name\":\"Home\",\"item\":\"https:\\\/\\\/lasso.pt\\\/fr\\\/\"},{\"@type\":\"ListItem\",\"position\":2,\"name\":\"Conteneurs enterr\u00e9s Green Bee dans la nouvelle phase de collecte des d\u00e9chets \u00e0 S\u00e3o Jo\u00e3o da Madeira\"}]},{\"@type\":\"WebSite\",\"@id\":\"https:\\\/\\\/lasso.pt\\\/#website\",\"url\":\"https:\\\/\\\/lasso.pt\\\/\",\"name\":\"lasso\",\"description\":\"Empresa de refer&ecirc;ncia no mercado dos contentores enterrados e semienterrados\",\"potentialAction\":[{\"@type\":\"SearchAction\",\"target\":{\"@type\":\"EntryPoint\",\"urlTemplate\":\"https:\\\/\\\/lasso.pt\\\/?s={search_term_string}\"},\"query-input\":{\"@type\":\"PropertyValueSpecification\",\"valueRequired\":true,\"valueName\":\"search_term_string\"}}],\"inLanguage\":\"fr-FR\"},{\"@type\":\"Person\",\"@id\":\"https:\\\/\\\/lasso.pt\\\/#\\\/schema\\\/person\\\/037fcbc5ef701630790513bbe1a2cc62\",\"name\":\"Marco Ferreira\",\"image\":{\"@type\":\"ImageObject\",\"inLanguage\":\"fr-FR\",\"@id\":\"https:\\\/\\\/secure.gravatar.com\\\/avatar\\\/f7aaa8671715ef738c0fdf16d814d74c5290b5389e5576b876d3031350976d1a?s=96&d=mm&r=g\",\"url\":\"https:\\\/\\\/secure.gravatar.com\\\/avatar\\\/f7aaa8671715ef738c0fdf16d814d74c5290b5389e5576b876d3031350976d1a?s=96&d=mm&r=g\",\"contentUrl\":\"https:\\\/\\\/secure.gravatar.com\\\/avatar\\\/f7aaa8671715ef738c0fdf16d814d74c5290b5389e5576b876d3031350976d1a?s=96&d=mm&r=g\",\"caption\":\"Marco Ferreira\"},\"url\":\"https:\\\/\\\/lasso.pt\\\/fr\\\/author\\\/marco-alexandre-ferreira\\\/\"}]}<\/script>\n<!-- \/ Yoast SEO plugin. -->","yoast_head_json":{"title":"Conteneurs enterr\u00e9s Green Bee dans la nouvelle phase de collecte des d\u00e9chets \u00e0 S\u00e3o Jo\u00e3o da Madeira - lasso","robots":{"index":"index","follow":"follow","max-snippet":"max-snippet:-1","max-image-preview":"max-image-preview:large","max-video-preview":"max-video-preview:-1"},"canonical":"https:\/\/lasso.pt\/fr\/conteneurs-enterres-green-bee-dans-la-nouvelle-phase-de-collecte-des-dechets-a-sao-joao-da-madeira\/","og_locale":"fr_FR","og_type":"article","og_title":"Conteneurs enterr\u00e9s Green Bee dans la nouvelle phase de collecte des d\u00e9chets \u00e0 S\u00e3o Jo\u00e3o da Madeira - lasso","og_description":"La municipalit\u00e9 de S\u00e3o Jo\u00e3o da Madeira, au Portugal, vient de lancer une nouvelle phase visant \u00e0 cr\u00e9er un syst\u00e8me de gestion des d\u00e9chets plus moderne et plus efficace, en utilisant des conteneurs enterr\u00e9s Green Bee de Lasso, \u00e9quip\u00e9s d\u2019un syst\u00e8me de contr\u00f4le d\u2019acc\u00e8s. L\u2019autorit\u00e9 locale a install\u00e9 12 points d&rsquo;apport volontaire de conteneurs enterr\u00e9s [&hellip;]","og_url":"https:\/\/lasso.pt\/fr\/conteneurs-enterres-green-bee-dans-la-nouvelle-phase-de-collecte-des-dechets-a-sao-joao-da-madeira\/","og_site_name":"lasso","article_published_time":"2026-04-29T15:13:46+00:00","article_modified_time":"2026-04-29T15:23:47+00:00","og_image":[{"width":1209,"height":359,"url":"https:\/\/lasso.pt\/wp-content\/uploads\/2026\/04\/S.-Joao-da-Madeira.jpg","type":"image\/jpeg"}],"author":"Marco Ferreira","twitter_card":"summary_large_image","twitter_misc":{"\u00c9crit par":"Marco Ferreira","Dur\u00e9e de lecture estim\u00e9e":"2 minutes"},"schema":{"@context":"https:\/\/schema.org","@graph":[{"@type":"Article","@id":"https:\/\/lasso.pt\/fr\/conteneurs-enterres-green-bee-dans-la-nouvelle-phase-de-collecte-des-dechets-a-sao-joao-da-madeira\/#article","isPartOf":{"@id":"https:\/\/lasso.pt\/fr\/conteneurs-enterres-green-bee-dans-la-nouvelle-phase-de-collecte-des-dechets-a-sao-joao-da-madeira\/"},"author":{"name":"Marco Ferreira","@id":"https:\/\/lasso.pt\/#\/schema\/person\/037fcbc5ef701630790513bbe1a2cc62"},"headline":"Conteneurs enterr\u00e9s Green Bee dans la nouvelle phase de collecte des d\u00e9chets \u00e0 S\u00e3o Jo\u00e3o da Madeira","datePublished":"2026-04-29T15:13:46+00:00","dateModified":"2026-04-29T15:23:47+00:00","mainEntityOfPage":{"@id":"https:\/\/lasso.pt\/fr\/conteneurs-enterres-green-bee-dans-la-nouvelle-phase-de-collecte-des-dechets-a-sao-joao-da-madeira\/"},"wordCount":477,"image":{"@id":"https:\/\/lasso.pt\/fr\/conteneurs-enterres-green-bee-dans-la-nouvelle-phase-de-collecte-des-dechets-a-sao-joao-da-madeira\/#primaryimage"},"thumbnailUrl":"https:\/\/lasso.pt\/wp-content\/uploads\/2026\/04\/S.-Joao-da-Madeira.jpg","keywords":["biod\u00e9chets","collecte s\u00e9lective","conteneurs enterr\u00e9s","d\u00e9chets urbains","gestion des d\u00e9chets","Internationalisation","nettoyage urbain","Ordures menagers","recyclage","recyclage"],"articleSection":["biod\u00e9chets","collecte s\u00e9lective","Conteneurs \u00e0 d\u00e9chets","conteneurs enterr\u00e9s","conteneurs enterr\u00e9s hydrauliques","D\u00e9chets","d\u00e9chets m\u00e9nagers","Design urbain","Durabilit\u00e9","environnement","Gestion des d\u00e9chets","Gestion des d\u00e9chets urbains","nettoyage urbain","PME Excel\u00eancia","Semi-underground containers"],"inLanguage":"fr-FR"},{"@type":"WebPage","@id":"https:\/\/lasso.pt\/fr\/conteneurs-enterres-green-bee-dans-la-nouvelle-phase-de-collecte-des-dechets-a-sao-joao-da-madeira\/","url":"https:\/\/lasso.pt\/fr\/conteneurs-enterres-green-bee-dans-la-nouvelle-phase-de-collecte-des-dechets-a-sao-joao-da-madeira\/","name":"Conteneurs enterr\u00e9s Green Bee dans la nouvelle phase de collecte des d\u00e9chets \u00e0 S\u00e3o Jo\u00e3o da Madeira - lasso","isPartOf":{"@id":"https:\/\/lasso.pt\/#website"},"primaryImageOfPage":{"@id":"https:\/\/lasso.pt\/fr\/conteneurs-enterres-green-bee-dans-la-nouvelle-phase-de-collecte-des-dechets-a-sao-joao-da-madeira\/#primaryimage"},"image":{"@id":"https:\/\/lasso.pt\/fr\/conteneurs-enterres-green-bee-dans-la-nouvelle-phase-de-collecte-des-dechets-a-sao-joao-da-madeira\/#primaryimage"},"thumbnailUrl":"https:\/\/lasso.pt\/wp-content\/uploads\/2026\/04\/S.-Joao-da-Madeira.jpg","datePublished":"2026-04-29T15:13:46+00:00","dateModified":"2026-04-29T15:23:47+00:00","author":{"@id":"https:\/\/lasso.pt\/#\/schema\/person\/037fcbc5ef701630790513bbe1a2cc62"},"breadcrumb":{"@id":"https:\/\/lasso.pt\/fr\/conteneurs-enterres-green-bee-dans-la-nouvelle-phase-de-collecte-des-dechets-a-sao-joao-da-madeira\/#breadcrumb"},"inLanguage":"fr-FR","potentialAction":[{"@type":"ReadAction","target":["https:\/\/lasso.pt\/fr\/conteneurs-enterres-green-bee-dans-la-nouvelle-phase-de-collecte-des-dechets-a-sao-joao-da-madeira\/"]}]},{"@type":"ImageObject","inLanguage":"fr-FR","@id":"https:\/\/lasso.pt\/fr\/conteneurs-enterres-green-bee-dans-la-nouvelle-phase-de-collecte-des-dechets-a-sao-joao-da-madeira\/#primaryimage","url":"https:\/\/lasso.pt\/wp-content\/uploads\/2026\/04\/S.-Joao-da-Madeira.jpg","contentUrl":"https:\/\/lasso.pt\/wp-content\/uploads\/2026\/04\/S.-Joao-da-Madeira.jpg","width":1209,"height":359,"caption":"Contentores enterrados Green Bee em S. Jo\u00e3o da Madeira"},{"@type":"BreadcrumbList","@id":"https:\/\/lasso.pt\/fr\/conteneurs-enterres-green-bee-dans-la-nouvelle-phase-de-collecte-des-dechets-a-sao-joao-da-madeira\/#breadcrumb","itemListElement":[{"@type":"ListItem","position":1,"name":"Home","item":"https:\/\/lasso.pt\/fr\/"},{"@type":"ListItem","position":2,"name":"Conteneurs enterr\u00e9s Green Bee dans la nouvelle phase de collecte des d\u00e9chets \u00e0 S\u00e3o Jo\u00e3o da Madeira"}]},{"@type":"WebSite","@id":"https:\/\/lasso.pt\/#website","url":"https:\/\/lasso.pt\/","name":"lasso","description":"Empresa de refer&ecirc;ncia no mercado dos contentores enterrados e semienterrados","potentialAction":[{"@type":"SearchAction","target":{"@type":"EntryPoint","urlTemplate":"https:\/\/lasso.pt\/?s={search_term_string}"},"query-input":{"@type":"PropertyValueSpecification","valueRequired":true,"valueName":"search_term_string"}}],"inLanguage":"fr-FR"},{"@type":"Person","@id":"https:\/\/lasso.pt\/#\/schema\/person\/037fcbc5ef701630790513bbe1a2cc62","name":"Marco Ferreira","image":{"@type":"ImageObject","inLanguage":"fr-FR","@id":"https:\/\/secure.gravatar.com\/avatar\/f7aaa8671715ef738c0fdf16d814d74c5290b5389e5576b876d3031350976d1a?s=96&d=mm&r=g","url":"https:\/\/secure.gravatar.com\/avatar\/f7aaa8671715ef738c0fdf16d814d74c5290b5389e5576b876d3031350976d1a?s=96&d=mm&r=g","contentUrl":"https:\/\/secure.gravatar.com\/avatar\/f7aaa8671715ef738c0fdf16d814d74c5290b5389e5576b876d3031350976d1a?s=96&d=mm&r=g","caption":"Marco Ferreira"},"url":"https:\/\/lasso.pt\/fr\/author\/marco-alexandre-ferreira\/"}]}},"_links":{"self":[{"href":"https:\/\/lasso.pt\/fr\/wp-json\/wp\/v2\/posts\/8280","targetHints":{"allow":["GET"]}}],"collection":[{"href":"https:\/\/lasso.pt\/fr\/wp-json\/wp\/v2\/posts"}],"about":[{"href":"https:\/\/lasso.pt\/fr\/wp-json\/wp\/v2\/types\/post"}],"author":[{"embeddable":true,"href":"https:\/\/lasso.pt\/fr\/wp-json\/wp\/v2\/users\/3"}],"replies":[{"embeddable":true,"href":"https:\/\/lasso.pt\/fr\/wp-json\/wp\/v2\/comments?post=8280"}],"version-history":[{"count":1,"href":"https:\/\/lasso.pt\/fr\/wp-json\/wp\/v2\/posts\/8280\/revisions"}],"predecessor-version":[{"id":8281,"href":"https:\/\/lasso.pt\/fr\/wp-json\/wp\/v2\/posts\/8280\/revisions\/8281"}],"wp:featuredmedia":[{"embeddable":true,"href":"https:\/\/lasso.pt\/fr\/wp-json\/wp\/v2\/media\/8275"}],"wp:attachment":[{"href":"https:\/\/lasso.pt\/fr\/wp-json\/wp\/v2\/media?parent=8280"}],"wp:term":[{"taxonomy":"category","embeddable":true,"href":"https:\/\/lasso.pt\/fr\/wp-json\/wp\/v2\/categories?post=8280"},{"taxonomy":"post_tag","embeddable":true,"href":"https:\/\/lasso.pt\/fr\/wp-json\/wp\/v2\/tags?post=8280"}],"curies":[{"name":"wp","href":"https:\/\/api.w.org\/{rel}","templated":true}]}}