{"id":8290,"date":"2026-04-29T15:31:29","date_gmt":"2026-04-29T15:31:29","guid":{"rendered":"https:\/\/lasso.pt\/lasso-renforce-sa-presence-en-france-avec-un-nouveau-projet-a-chamonix\/"},"modified":"2026-04-29T15:36:49","modified_gmt":"2026-04-29T15:36:49","slug":"lasso-renforce-sa-presence-en-france-avec-un-nouveau-projet-a-chamonix","status":"publish","type":"post","link":"https:\/\/lasso.pt\/fr\/lasso-renforce-sa-presence-en-france-avec-un-nouveau-projet-a-chamonix\/","title":{"rendered":"Lasso renforce sa pr\u00e9sence en France avec un nouveau projet \u00e0 Chamonix"},"content":{"rendered":"\n<p>Lasso vient de remporter un important appel d\u2019offres international \u00e0 Vall\u00e9e de Chamonix &#8211; Mont-Blanc, en France, en collaboration avec son partenaire exclusif Contenur, renfor\u00e7ant ainsi sa position de r\u00e9f\u00e9rence dans le d\u00e9veloppement de solutions innovantes pour la gestion des d\u00e9chets urbains.<\/p>\n\n<p>Les premi\u00e8res livraisons du projet sont d\u00e9j\u00e0 en cours, marquant le lancement d\u2019une initiative strat\u00e9gique visant \u00e0 moderniser le syst\u00e8me de collecte existant dans la r\u00e9gion. Le projet consiste \u00e0 moderniser le syst\u00e8me d\u2019extraction actuel install\u00e9 dans des conteneurs semi-enterr\u00e9s, qui utilisait jusqu\u2019\u00e0 pr\u00e9sent des sacs et des conteneurs m\u00e9talliques de diff\u00e9rentes marques.<\/p>\n\n<p>La solution propos\u00e9e par Lasso pr\u00e9voit le remplacement complet de ce syst\u00e8me par des conteneurs m\u00e9talliques \u00e9quip\u00e9s de la technologie Kinshofer, compl\u00e9t\u00e9s par des couvercles m\u00e9talliques \u00e0 double ouverture, garantissant une meilleure efficacit\u00e9 op\u00e9rationnelle, une plus grande durabilit\u00e9 et une exp\u00e9rience utilisateur am\u00e9lior\u00e9e pour les citoyens.<\/p>\n\n<p>Au total, 641 unit\u00e9s internes des conteneurs semi-enterr\u00e9s seront remplac\u00e9es, ainsi que leurs couvercles respectifs, dans le cadre d\u2019un processus progressif qui se poursuivra jusqu\u2019en 2027.<\/p>\n\n<p><strong>\u00ab Ce projet repr\u00e9sente non seulement une \u00e9tape importante dans la modernisation des infrastructures de collecte des d\u00e9chets \u00e0 Chamonix, mais renforce \u00e9galement le partenariat strat\u00e9gique entre Lasso et Contenur, d\u00e9montrant leur capacit\u00e9 conjointe \u00e0 relever des d\u00e9fis complexes gr\u00e2ce \u00e0 des solutions techniques de haute performance \u00bb<\/strong>, d\u00e9clare Sofia Sampaio, directrice commerciale pour le march\u00e9 international.<\/p>\n\n<p>Avec cette r\u00e9alisation, Lasso continue de s\u2019affirmer sur le march\u00e9 international, en apportant innovation, qualit\u00e9 et durabilit\u00e9 \u00e0 de nouveaux territoires.<\/p>\n\n<p><\/p>\n","protected":false},"excerpt":{"rendered":"<p>Lasso vient de remporter un important appel d\u2019offres international \u00e0 Vall\u00e9e de Chamonix &#8211; Mont-Blanc, en France, en collaboration avec son partenaire exclusif Contenur, renfor\u00e7ant ainsi sa position de r\u00e9f\u00e9rence dans le d\u00e9veloppement de solutions innovantes pour la gestion des d\u00e9chets urbains. Les premi\u00e8res livraisons du projet sont d\u00e9j\u00e0 en cours, marquant le lancement d\u2019une [&hellip;]<\/p>\n","protected":false},"author":3,"featured_media":8285,"comment_status":"closed","ping_status":"closed","sticky":false,"template":"","format":"standard","meta":{"footnotes":""},"categories":[131,88,86,97,178,126,87,174,162,132,76,161,96,127,105],"tags":[52,57,55,53,54,63,98,128,61,58],"class_list":["post-8290","post","type-post","status-publish","format-standard","has-post-thumbnail","hentry","category-biodechets","category-collecte-selective","category-conteneurs-a-dechets","category-conteneurs-enterres","category-conteneurs-enterres-hydrauliques","category-dechets","category-dechets-menagers","category-design-urbain","category-durabilite","category-environnement","category-gestion-des-dechets","category-gestion-des-dechets-urbains","category-nettoyage-urbain","category-pme-excelencia-fr","category-semi-underground-containers","tag-biodechets","tag-collecte-selective","tag-conteneurs-enterres","tag-dechets-urbains","tag-gestion-des-dechets","tag-internationalisation","tag-nettoyage-urbain","tag-ordures-menagers","tag-recyclage-fr","tag-recyclage"],"acf":[],"yoast_head":"<!-- This site is optimized with the Yoast SEO plugin v27.5 - https:\/\/yoast.com\/product\/yoast-seo-wordpress\/ -->\n<title>Lasso renforce sa pr\u00e9sence en France avec un nouveau projet \u00e0 Chamonix - lasso<\/title>\n<meta name=\"robots\" content=\"index, follow, max-snippet:-1, max-image-preview:large, max-video-preview:-1\" \/>\n<link rel=\"canonical\" href=\"https:\/\/lasso.pt\/fr\/lasso-renforce-sa-presence-en-france-avec-un-nouveau-projet-a-chamonix\/\" \/>\n<meta property=\"og:locale\" content=\"fr_FR\" \/>\n<meta property=\"og:type\" content=\"article\" \/>\n<meta property=\"og:title\" content=\"Lasso renforce sa pr\u00e9sence en France avec un nouveau projet \u00e0 Chamonix - lasso\" \/>\n<meta property=\"og:description\" content=\"Lasso vient de remporter un important appel d\u2019offres international \u00e0 Vall\u00e9e de Chamonix &#8211; Mont-Blanc, en France, en collaboration avec son partenaire exclusif Contenur, renfor\u00e7ant ainsi sa position de r\u00e9f\u00e9rence dans le d\u00e9veloppement de solutions innovantes pour la gestion des d\u00e9chets urbains. Les premi\u00e8res livraisons du projet sont d\u00e9j\u00e0 en cours, marquant le lancement d\u2019une [&hellip;]\" \/>\n<meta property=\"og:url\" content=\"https:\/\/lasso.pt\/fr\/lasso-renforce-sa-presence-en-france-avec-un-nouveau-projet-a-chamonix\/\" \/>\n<meta property=\"og:site_name\" content=\"lasso\" \/>\n<meta property=\"article:published_time\" content=\"2026-04-29T15:31:29+00:00\" \/>\n<meta property=\"article:modified_time\" content=\"2026-04-29T15:36:49+00:00\" \/>\n<meta property=\"og:image\" content=\"https:\/\/lasso.pt\/wp-content\/uploads\/2026\/04\/Chamonix.jpg\" \/>\n\t<meta property=\"og:image:width\" content=\"1209\" \/>\n\t<meta property=\"og:image:height\" content=\"359\" \/>\n\t<meta property=\"og:image:type\" content=\"image\/jpeg\" \/>\n<meta name=\"author\" content=\"Marco Ferreira\" \/>\n<meta name=\"twitter:card\" content=\"summary_large_image\" \/>\n<meta name=\"twitter:label1\" content=\"\u00c9crit par\" \/>\n\t<meta name=\"twitter:data1\" content=\"Marco Ferreira\" \/>\n\t<meta name=\"twitter:label2\" content=\"Dur\u00e9e de lecture estim\u00e9e\" \/>\n\t<meta name=\"twitter:data2\" content=\"1 minute\" \/>\n<script type=\"application\/ld+json\" class=\"yoast-schema-graph\">{\"@context\":\"https:\\\/\\\/schema.org\",\"@graph\":[{\"@type\":\"Article\",\"@id\":\"https:\\\/\\\/lasso.pt\\\/fr\\\/lasso-renforce-sa-presence-en-france-avec-un-nouveau-projet-a-chamonix\\\/#article\",\"isPartOf\":{\"@id\":\"https:\\\/\\\/lasso.pt\\\/fr\\\/lasso-renforce-sa-presence-en-france-avec-un-nouveau-projet-a-chamonix\\\/\"},\"author\":{\"name\":\"Marco Ferreira\",\"@id\":\"https:\\\/\\\/lasso.pt\\\/#\\\/schema\\\/person\\\/037fcbc5ef701630790513bbe1a2cc62\"},\"headline\":\"Lasso renforce sa pr\u00e9sence en France avec un nouveau projet \u00e0 Chamonix\",\"datePublished\":\"2026-04-29T15:31:29+00:00\",\"dateModified\":\"2026-04-29T15:36:49+00:00\",\"mainEntityOfPage\":{\"@id\":\"https:\\\/\\\/lasso.pt\\\/fr\\\/lasso-renforce-sa-presence-en-france-avec-un-nouveau-projet-a-chamonix\\\/\"},\"wordCount\":290,\"image\":{\"@id\":\"https:\\\/\\\/lasso.pt\\\/fr\\\/lasso-renforce-sa-presence-en-france-avec-un-nouveau-projet-a-chamonix\\\/#primaryimage\"},\"thumbnailUrl\":\"https:\\\/\\\/lasso.pt\\\/wp-content\\\/uploads\\\/2026\\\/04\\\/Chamonix.jpg\",\"keywords\":[\"biod\u00e9chets\",\"collecte s\u00e9lective\",\"conteneurs enterr\u00e9s\",\"d\u00e9chets urbains\",\"gestion des d\u00e9chets\",\"Internationalisation\",\"nettoyage urbain\",\"Ordures menagers\",\"recyclage\",\"recyclage\"],\"articleSection\":[\"biod\u00e9chets\",\"collecte s\u00e9lective\",\"Conteneurs \u00e0 d\u00e9chets\",\"conteneurs enterr\u00e9s\",\"conteneurs enterr\u00e9s hydrauliques\",\"D\u00e9chets\",\"d\u00e9chets m\u00e9nagers\",\"Design urbain\",\"Durabilit\u00e9\",\"environnement\",\"Gestion des d\u00e9chets\",\"Gestion des d\u00e9chets urbains\",\"nettoyage urbain\",\"PME Excel\u00eancia\",\"Semi-underground containers\"],\"inLanguage\":\"fr-FR\"},{\"@type\":\"WebPage\",\"@id\":\"https:\\\/\\\/lasso.pt\\\/fr\\\/lasso-renforce-sa-presence-en-france-avec-un-nouveau-projet-a-chamonix\\\/\",\"url\":\"https:\\\/\\\/lasso.pt\\\/fr\\\/lasso-renforce-sa-presence-en-france-avec-un-nouveau-projet-a-chamonix\\\/\",\"name\":\"Lasso renforce sa pr\u00e9sence en France avec un nouveau projet \u00e0 Chamonix - lasso\",\"isPartOf\":{\"@id\":\"https:\\\/\\\/lasso.pt\\\/#website\"},\"primaryImageOfPage\":{\"@id\":\"https:\\\/\\\/lasso.pt\\\/fr\\\/lasso-renforce-sa-presence-en-france-avec-un-nouveau-projet-a-chamonix\\\/#primaryimage\"},\"image\":{\"@id\":\"https:\\\/\\\/lasso.pt\\\/fr\\\/lasso-renforce-sa-presence-en-france-avec-un-nouveau-projet-a-chamonix\\\/#primaryimage\"},\"thumbnailUrl\":\"https:\\\/\\\/lasso.pt\\\/wp-content\\\/uploads\\\/2026\\\/04\\\/Chamonix.jpg\",\"datePublished\":\"2026-04-29T15:31:29+00:00\",\"dateModified\":\"2026-04-29T15:36:49+00:00\",\"author\":{\"@id\":\"https:\\\/\\\/lasso.pt\\\/#\\\/schema\\\/person\\\/037fcbc5ef701630790513bbe1a2cc62\"},\"breadcrumb\":{\"@id\":\"https:\\\/\\\/lasso.pt\\\/fr\\\/lasso-renforce-sa-presence-en-france-avec-un-nouveau-projet-a-chamonix\\\/#breadcrumb\"},\"inLanguage\":\"fr-FR\",\"potentialAction\":[{\"@type\":\"ReadAction\",\"target\":[\"https:\\\/\\\/lasso.pt\\\/fr\\\/lasso-renforce-sa-presence-en-france-avec-un-nouveau-projet-a-chamonix\\\/\"]}]},{\"@type\":\"ImageObject\",\"inLanguage\":\"fr-FR\",\"@id\":\"https:\\\/\\\/lasso.pt\\\/fr\\\/lasso-renforce-sa-presence-en-france-avec-un-nouveau-projet-a-chamonix\\\/#primaryimage\",\"url\":\"https:\\\/\\\/lasso.pt\\\/wp-content\\\/uploads\\\/2026\\\/04\\\/Chamonix.jpg\",\"contentUrl\":\"https:\\\/\\\/lasso.pt\\\/wp-content\\\/uploads\\\/2026\\\/04\\\/Chamonix.jpg\",\"width\":1209,\"height\":359,\"caption\":\"Solu\u00e7\u00f5es Lasso em Fran\u00e7a\"},{\"@type\":\"BreadcrumbList\",\"@id\":\"https:\\\/\\\/lasso.pt\\\/fr\\\/lasso-renforce-sa-presence-en-france-avec-un-nouveau-projet-a-chamonix\\\/#breadcrumb\",\"itemListElement\":[{\"@type\":\"ListItem\",\"position\":1,\"name\":\"Home\",\"item\":\"https:\\\/\\\/lasso.pt\\\/fr\\\/\"},{\"@type\":\"ListItem\",\"position\":2,\"name\":\"Lasso renforce sa pr\u00e9sence en France avec un nouveau projet \u00e0 Chamonix\"}]},{\"@type\":\"WebSite\",\"@id\":\"https:\\\/\\\/lasso.pt\\\/#website\",\"url\":\"https:\\\/\\\/lasso.pt\\\/\",\"name\":\"lasso\",\"description\":\"Empresa de refer&ecirc;ncia no mercado dos contentores enterrados e semienterrados\",\"potentialAction\":[{\"@type\":\"SearchAction\",\"target\":{\"@type\":\"EntryPoint\",\"urlTemplate\":\"https:\\\/\\\/lasso.pt\\\/?s={search_term_string}\"},\"query-input\":{\"@type\":\"PropertyValueSpecification\",\"valueRequired\":true,\"valueName\":\"search_term_string\"}}],\"inLanguage\":\"fr-FR\"},{\"@type\":\"Person\",\"@id\":\"https:\\\/\\\/lasso.pt\\\/#\\\/schema\\\/person\\\/037fcbc5ef701630790513bbe1a2cc62\",\"name\":\"Marco Ferreira\",\"image\":{\"@type\":\"ImageObject\",\"inLanguage\":\"fr-FR\",\"@id\":\"https:\\\/\\\/secure.gravatar.com\\\/avatar\\\/f7aaa8671715ef738c0fdf16d814d74c5290b5389e5576b876d3031350976d1a?s=96&d=mm&r=g\",\"url\":\"https:\\\/\\\/secure.gravatar.com\\\/avatar\\\/f7aaa8671715ef738c0fdf16d814d74c5290b5389e5576b876d3031350976d1a?s=96&d=mm&r=g\",\"contentUrl\":\"https:\\\/\\\/secure.gravatar.com\\\/avatar\\\/f7aaa8671715ef738c0fdf16d814d74c5290b5389e5576b876d3031350976d1a?s=96&d=mm&r=g\",\"caption\":\"Marco Ferreira\"},\"url\":\"https:\\\/\\\/lasso.pt\\\/fr\\\/author\\\/marco-alexandre-ferreira\\\/\"}]}<\/script>\n<!-- \/ Yoast SEO plugin. -->","yoast_head_json":{"title":"Lasso renforce sa pr\u00e9sence en France avec un nouveau projet \u00e0 Chamonix - lasso","robots":{"index":"index","follow":"follow","max-snippet":"max-snippet:-1","max-image-preview":"max-image-preview:large","max-video-preview":"max-video-preview:-1"},"canonical":"https:\/\/lasso.pt\/fr\/lasso-renforce-sa-presence-en-france-avec-un-nouveau-projet-a-chamonix\/","og_locale":"fr_FR","og_type":"article","og_title":"Lasso renforce sa pr\u00e9sence en France avec un nouveau projet \u00e0 Chamonix - lasso","og_description":"Lasso vient de remporter un important appel d\u2019offres international \u00e0 Vall\u00e9e de Chamonix &#8211; Mont-Blanc, en France, en collaboration avec son partenaire exclusif Contenur, renfor\u00e7ant ainsi sa position de r\u00e9f\u00e9rence dans le d\u00e9veloppement de solutions innovantes pour la gestion des d\u00e9chets urbains. Les premi\u00e8res livraisons du projet sont d\u00e9j\u00e0 en cours, marquant le lancement d\u2019une [&hellip;]","og_url":"https:\/\/lasso.pt\/fr\/lasso-renforce-sa-presence-en-france-avec-un-nouveau-projet-a-chamonix\/","og_site_name":"lasso","article_published_time":"2026-04-29T15:31:29+00:00","article_modified_time":"2026-04-29T15:36:49+00:00","og_image":[{"width":1209,"height":359,"url":"https:\/\/lasso.pt\/wp-content\/uploads\/2026\/04\/Chamonix.jpg","type":"image\/jpeg"}],"author":"Marco Ferreira","twitter_card":"summary_large_image","twitter_misc":{"\u00c9crit par":"Marco Ferreira","Dur\u00e9e de lecture estim\u00e9e":"1 minute"},"schema":{"@context":"https:\/\/schema.org","@graph":[{"@type":"Article","@id":"https:\/\/lasso.pt\/fr\/lasso-renforce-sa-presence-en-france-avec-un-nouveau-projet-a-chamonix\/#article","isPartOf":{"@id":"https:\/\/lasso.pt\/fr\/lasso-renforce-sa-presence-en-france-avec-un-nouveau-projet-a-chamonix\/"},"author":{"name":"Marco Ferreira","@id":"https:\/\/lasso.pt\/#\/schema\/person\/037fcbc5ef701630790513bbe1a2cc62"},"headline":"Lasso renforce sa pr\u00e9sence en France avec un nouveau projet \u00e0 Chamonix","datePublished":"2026-04-29T15:31:29+00:00","dateModified":"2026-04-29T15:36:49+00:00","mainEntityOfPage":{"@id":"https:\/\/lasso.pt\/fr\/lasso-renforce-sa-presence-en-france-avec-un-nouveau-projet-a-chamonix\/"},"wordCount":290,"image":{"@id":"https:\/\/lasso.pt\/fr\/lasso-renforce-sa-presence-en-france-avec-un-nouveau-projet-a-chamonix\/#primaryimage"},"thumbnailUrl":"https:\/\/lasso.pt\/wp-content\/uploads\/2026\/04\/Chamonix.jpg","keywords":["biod\u00e9chets","collecte s\u00e9lective","conteneurs enterr\u00e9s","d\u00e9chets urbains","gestion des d\u00e9chets","Internationalisation","nettoyage urbain","Ordures menagers","recyclage","recyclage"],"articleSection":["biod\u00e9chets","collecte s\u00e9lective","Conteneurs \u00e0 d\u00e9chets","conteneurs enterr\u00e9s","conteneurs enterr\u00e9s hydrauliques","D\u00e9chets","d\u00e9chets m\u00e9nagers","Design urbain","Durabilit\u00e9","environnement","Gestion des d\u00e9chets","Gestion des d\u00e9chets urbains","nettoyage urbain","PME Excel\u00eancia","Semi-underground containers"],"inLanguage":"fr-FR"},{"@type":"WebPage","@id":"https:\/\/lasso.pt\/fr\/lasso-renforce-sa-presence-en-france-avec-un-nouveau-projet-a-chamonix\/","url":"https:\/\/lasso.pt\/fr\/lasso-renforce-sa-presence-en-france-avec-un-nouveau-projet-a-chamonix\/","name":"Lasso renforce sa pr\u00e9sence en France avec un nouveau projet \u00e0 Chamonix - lasso","isPartOf":{"@id":"https:\/\/lasso.pt\/#website"},"primaryImageOfPage":{"@id":"https:\/\/lasso.pt\/fr\/lasso-renforce-sa-presence-en-france-avec-un-nouveau-projet-a-chamonix\/#primaryimage"},"image":{"@id":"https:\/\/lasso.pt\/fr\/lasso-renforce-sa-presence-en-france-avec-un-nouveau-projet-a-chamonix\/#primaryimage"},"thumbnailUrl":"https:\/\/lasso.pt\/wp-content\/uploads\/2026\/04\/Chamonix.jpg","datePublished":"2026-04-29T15:31:29+00:00","dateModified":"2026-04-29T15:36:49+00:00","author":{"@id":"https:\/\/lasso.pt\/#\/schema\/person\/037fcbc5ef701630790513bbe1a2cc62"},"breadcrumb":{"@id":"https:\/\/lasso.pt\/fr\/lasso-renforce-sa-presence-en-france-avec-un-nouveau-projet-a-chamonix\/#breadcrumb"},"inLanguage":"fr-FR","potentialAction":[{"@type":"ReadAction","target":["https:\/\/lasso.pt\/fr\/lasso-renforce-sa-presence-en-france-avec-un-nouveau-projet-a-chamonix\/"]}]},{"@type":"ImageObject","inLanguage":"fr-FR","@id":"https:\/\/lasso.pt\/fr\/lasso-renforce-sa-presence-en-france-avec-un-nouveau-projet-a-chamonix\/#primaryimage","url":"https:\/\/lasso.pt\/wp-content\/uploads\/2026\/04\/Chamonix.jpg","contentUrl":"https:\/\/lasso.pt\/wp-content\/uploads\/2026\/04\/Chamonix.jpg","width":1209,"height":359,"caption":"Solu\u00e7\u00f5es Lasso em Fran\u00e7a"},{"@type":"BreadcrumbList","@id":"https:\/\/lasso.pt\/fr\/lasso-renforce-sa-presence-en-france-avec-un-nouveau-projet-a-chamonix\/#breadcrumb","itemListElement":[{"@type":"ListItem","position":1,"name":"Home","item":"https:\/\/lasso.pt\/fr\/"},{"@type":"ListItem","position":2,"name":"Lasso renforce sa pr\u00e9sence en France avec un nouveau projet \u00e0 Chamonix"}]},{"@type":"WebSite","@id":"https:\/\/lasso.pt\/#website","url":"https:\/\/lasso.pt\/","name":"lasso","description":"Empresa de refer&ecirc;ncia no mercado dos contentores enterrados e semienterrados","potentialAction":[{"@type":"SearchAction","target":{"@type":"EntryPoint","urlTemplate":"https:\/\/lasso.pt\/?s={search_term_string}"},"query-input":{"@type":"PropertyValueSpecification","valueRequired":true,"valueName":"search_term_string"}}],"inLanguage":"fr-FR"},{"@type":"Person","@id":"https:\/\/lasso.pt\/#\/schema\/person\/037fcbc5ef701630790513bbe1a2cc62","name":"Marco Ferreira","image":{"@type":"ImageObject","inLanguage":"fr-FR","@id":"https:\/\/secure.gravatar.com\/avatar\/f7aaa8671715ef738c0fdf16d814d74c5290b5389e5576b876d3031350976d1a?s=96&d=mm&r=g","url":"https:\/\/secure.gravatar.com\/avatar\/f7aaa8671715ef738c0fdf16d814d74c5290b5389e5576b876d3031350976d1a?s=96&d=mm&r=g","contentUrl":"https:\/\/secure.gravatar.com\/avatar\/f7aaa8671715ef738c0fdf16d814d74c5290b5389e5576b876d3031350976d1a?s=96&d=mm&r=g","caption":"Marco Ferreira"},"url":"https:\/\/lasso.pt\/fr\/author\/marco-alexandre-ferreira\/"}]}},"_links":{"self":[{"href":"https:\/\/lasso.pt\/fr\/wp-json\/wp\/v2\/posts\/8290","targetHints":{"allow":["GET"]}}],"collection":[{"href":"https:\/\/lasso.pt\/fr\/wp-json\/wp\/v2\/posts"}],"about":[{"href":"https:\/\/lasso.pt\/fr\/wp-json\/wp\/v2\/types\/post"}],"author":[{"embeddable":true,"href":"https:\/\/lasso.pt\/fr\/wp-json\/wp\/v2\/users\/3"}],"replies":[{"embeddable":true,"href":"https:\/\/lasso.pt\/fr\/wp-json\/wp\/v2\/comments?post=8290"}],"version-history":[{"count":1,"href":"https:\/\/lasso.pt\/fr\/wp-json\/wp\/v2\/posts\/8290\/revisions"}],"predecessor-version":[{"id":8291,"href":"https:\/\/lasso.pt\/fr\/wp-json\/wp\/v2\/posts\/8290\/revisions\/8291"}],"wp:featuredmedia":[{"embeddable":true,"href":"https:\/\/lasso.pt\/fr\/wp-json\/wp\/v2\/media\/8285"}],"wp:attachment":[{"href":"https:\/\/lasso.pt\/fr\/wp-json\/wp\/v2\/media?parent=8290"}],"wp:term":[{"taxonomy":"category","embeddable":true,"href":"https:\/\/lasso.pt\/fr\/wp-json\/wp\/v2\/categories?post=8290"},{"taxonomy":"post_tag","embeddable":true,"href":"https:\/\/lasso.pt\/fr\/wp-json\/wp\/v2\/tags?post=8290"}],"curies":[{"name":"wp","href":"https:\/\/api.w.org\/{rel}","templated":true}]}}