{"id":8723,"date":"2026-09-01T10:48:17","date_gmt":"2026-09-01T10:48:17","guid":{"rendered":"https:\/\/lasso.pt\/contenur-visite-les-installations-de-lasso-a-santo-tirso\/"},"modified":"2026-09-01T10:56:29","modified_gmt":"2026-09-01T10:56:29","slug":"contenur-visite-les-installations-de-lasso-a-santo-tirso","status":"publish","type":"post","link":"https:\/\/lasso.pt\/fr\/contenur-visite-les-installations-de-lasso-a-santo-tirso\/","title":{"rendered":"Contenur visite les installations de Lasso \u00e0 Santo Tirso"},"content":{"rendered":"\n<p class=\"wp-block-paragraph\">D\u00e9but juillet, Lasso Eco Innovation a accueilli une d\u00e9l\u00e9gation de Contenur \u2014 partenaire et distributeur de l\u2019entreprise pour le march\u00e9 fran\u00e7ais \u2014 r\u00e9unissant une quinzaine de membres de l\u2019\u00e9quipe commerciale de la soci\u00e9t\u00e9 espagnole sur son site de production au Portugal.<\/p>\n\n<p class=\"wp-block-paragraph\">Lors de cette journ\u00e9e consacr\u00e9e au partage d\u2019expertise et \u00e0 l\u2019innovation, les participants ont pu d\u00e9couvrir plus en d\u00e9tail les derni\u00e8res solutions d\u00e9velopp\u00e9es par Lasso pour la collecte des d\u00e9chets urbains. Le programme a commenc\u00e9 par une pr\u00e9sentation des nouveaux produits en cours de d\u00e9veloppement, permettant \u00e0 l\u2019\u00e9quipe de Contenur de prendre directement connaissance de la strat\u00e9gie d\u2019innovation de l\u2019entreprise.<\/p>\n\n<p class=\"wp-block-paragraph\">La visite s\u2019est ensuite poursuivie par des d\u00e9monstrations pratiques des fonctionnalit\u00e9s du mat\u00e9riel, ainsi que par une pr\u00e9sentation des technologies int\u00e9gr\u00e9es aux syst\u00e8mes de conteneurs \u00e0 d\u00e9chets souterrains et semi-enterr\u00e9s de Lasso \u2014 notamment des solutions intelligentes qui rendent les \u00e9quipements plus efficaces et plus s\u00fbrs, tout en leur permettant de r\u00e9pondre aux d\u00e9fis actuels de la gestion des d\u00e9chets urbains.<\/p>\n\n<p class=\"wp-block-paragraph\">Cette visite a \u00e9galement permis de renforcer les liens entre les deux entreprises, qui collaborent sur divers projets sur le march\u00e9 fran\u00e7ais, contribuant ainsi \u00e0 la mise en \u0153uvre de solutions innovantes et durables au sein de diff\u00e9rentes municipalit\u00e9s et collectivit\u00e9s.<\/p>\n\n<p class=\"wp-block-paragraph\">Selon Sofia Sampaio, directrice des ventes internationales chez Lasso Eco Innovation : \u00ab Ce fut un grand plaisir d&rsquo;accueillir l&rsquo;\u00e9quipe commerciale de Contenur dans nos locaux. Nous sommes tr\u00e8s reconnaissants de leur visite et de l&rsquo;int\u00e9r\u00eat qu&rsquo;ils ont port\u00e9 \u00e0 la d\u00e9couverte directe de nos capacit\u00e9s d&rsquo;innovation, de notre savoir-faire et des processus qui sous-tendent les solutions que nous d\u00e9veloppons. De tels moments sont essentiels pour renforcer les liens entre nos \u00e9quipes, consolider un partenariat strat\u00e9gique qui a d\u00e9j\u00e0 donn\u00e9 d&rsquo;excellents r\u00e9sultats et pr\u00e9parer conjointement de nouveaux projets pour le march\u00e9 fran\u00e7ais. Nous sommes convaincus que nous poursuivrons ensemble cette trajectoire de r\u00e9ussite. \u00bb<\/p>\n\n<p class=\"wp-block-paragraph\">La collaboration entre Lasso et Contenur a permis d&rsquo;introduire sur le march\u00e9 fran\u00e7ais des solutions de collecte des d\u00e9chets technologiquement avanc\u00e9es, favorisant des syst\u00e8mes plus efficaces, durables et adapt\u00e9s aux besoins des collectivit\u00e9s, tout en renfor\u00e7ant la pr\u00e9sence internationale de l&rsquo;entreprise portugaise sur l&rsquo;un de ses march\u00e9s strat\u00e9giques cl\u00e9s.<\/p>\n\n<p class=\"wp-block-paragraph\"><\/p>\n","protected":false},"excerpt":{"rendered":"<p>D\u00e9but juillet, Lasso Eco Innovation a accueilli une d\u00e9l\u00e9gation de Contenur \u2014 partenaire et distributeur de l\u2019entreprise pour le march\u00e9 fran\u00e7ais \u2014 r\u00e9unissant une quinzaine de membres de l\u2019\u00e9quipe commerciale de la soci\u00e9t\u00e9 espagnole sur son site de production au Portugal. Lors de cette journ\u00e9e consacr\u00e9e au partage d\u2019expertise et \u00e0 l\u2019innovation, les participants ont [&hellip;]<\/p>\n","protected":false},"author":4,"featured_media":8718,"comment_status":"closed","ping_status":"closed","sticky":false,"template":"","format":"standard","meta":{"_acf_changed":false,"footnotes":""},"categories":[88,86,97,178,126,87,174,162,132,76,161,96,127,105],"tags":[54,61],"class_list":["post-8723","post","type-post","status-publish","format-standard","has-post-thumbnail","hentry","category-collecte-selective","category-conteneurs-a-dechets","category-conteneurs-enterres","category-conteneurs-enterres-hydrauliques","category-dechets","category-dechets-menagers","category-design-urbain","category-durabilite","category-environnement","category-gestion-des-dechets","category-gestion-des-dechets-urbains","category-nettoyage-urbain","category-pme-excelencia-fr","category-semi-underground-containers","tag-gestion-des-dechets","tag-recyclage-fr"],"acf":[],"yoast_head":"<!-- This site is optimized with the Yoast SEO plugin v28.4 - https:\/\/yoast.com\/product\/yoast-seo-wordpress\/ -->\n<title>Contenur visite les installations de Lasso \u00e0 Santo Tirso - lasso<\/title>\n<meta name=\"robots\" content=\"index, follow, max-snippet:-1, max-image-preview:large, max-video-preview:-1\" \/>\n<link rel=\"canonical\" href=\"https:\/\/lasso.pt\/fr\/contenur-visite-les-installations-de-lasso-a-santo-tirso\/\" \/>\n<meta property=\"og:locale\" content=\"fr_FR\" \/>\n<meta property=\"og:type\" content=\"article\" \/>\n<meta property=\"og:title\" content=\"Contenur visite les installations de Lasso \u00e0 Santo Tirso - lasso\" \/>\n<meta property=\"og:description\" content=\"D\u00e9but juillet, Lasso Eco Innovation a accueilli une d\u00e9l\u00e9gation de Contenur \u2014 partenaire et distributeur de l\u2019entreprise pour le march\u00e9 fran\u00e7ais \u2014 r\u00e9unissant une quinzaine de membres de l\u2019\u00e9quipe commerciale de la soci\u00e9t\u00e9 espagnole sur son site de production au Portugal. Lors de cette journ\u00e9e consacr\u00e9e au partage d\u2019expertise et \u00e0 l\u2019innovation, les participants ont [&hellip;]\" \/>\n<meta property=\"og:url\" content=\"https:\/\/lasso.pt\/fr\/contenur-visite-les-installations-de-lasso-a-santo-tirso\/\" \/>\n<meta property=\"og:site_name\" content=\"lasso\" \/>\n<meta property=\"article:published_time\" content=\"2026-09-01T10:48:17+00:00\" \/>\n<meta property=\"article:modified_time\" content=\"2026-09-01T10:56:29+00:00\" \/>\n<meta property=\"og:image\" content=\"https:\/\/lasso.pt\/wp-content\/uploads\/2026\/09\/Noticia_Visita-Contenur-2026.jpg\" \/>\n\t<meta property=\"og:image:width\" content=\"1209\" \/>\n\t<meta property=\"og:image:height\" content=\"359\" \/>\n\t<meta property=\"og:image:type\" content=\"image\/jpeg\" \/>\n<meta name=\"author\" content=\"Alexandra Martins\" \/>\n<meta name=\"twitter:card\" content=\"summary_large_image\" \/>\n<meta name=\"twitter:label1\" content=\"\u00c9crit par\" \/>\n\t<meta name=\"twitter:data1\" content=\"Alexandra Martins\" \/>\n\t<meta name=\"twitter:label2\" content=\"Dur\u00e9e de lecture estim\u00e9e\" \/>\n\t<meta name=\"twitter:data2\" content=\"2 minutes\" \/>\n<script type=\"application\/ld+json\" class=\"yoast-schema-graph\">{\"@context\":\"https:\\\/\\\/schema.org\",\"@graph\":[{\"@type\":\"Article\",\"@id\":\"https:\\\/\\\/lasso.pt\\\/fr\\\/contenur-visite-les-installations-de-lasso-a-santo-tirso\\\/#article\",\"isPartOf\":{\"@id\":\"https:\\\/\\\/lasso.pt\\\/fr\\\/contenur-visite-les-installations-de-lasso-a-santo-tirso\\\/\"},\"author\":{\"name\":\"Alexandra Martins\",\"@id\":\"https:\\\/\\\/lasso.pt\\\/#\\\/schema\\\/person\\\/13f4def1ce0083c9f8b89ced4e50ba08\"},\"headline\":\"Contenur visite les installations de Lasso \u00e0 Santo Tirso\",\"datePublished\":\"2026-09-01T10:48:17+00:00\",\"dateModified\":\"2026-09-01T10:56:29+00:00\",\"mainEntityOfPage\":{\"@id\":\"https:\\\/\\\/lasso.pt\\\/fr\\\/contenur-visite-les-installations-de-lasso-a-santo-tirso\\\/\"},\"wordCount\":427,\"image\":{\"@id\":\"https:\\\/\\\/lasso.pt\\\/fr\\\/contenur-visite-les-installations-de-lasso-a-santo-tirso\\\/#primaryimage\"},\"thumbnailUrl\":\"https:\\\/\\\/lasso.pt\\\/wp-content\\\/uploads\\\/2026\\\/09\\\/Noticia_Visita-Contenur-2026.jpg\",\"keywords\":[\"gestion des d\u00e9chets\",\"recyclage\"],\"articleSection\":[\"collecte s\u00e9lective\",\"Conteneurs \u00e0 d\u00e9chets\",\"conteneurs enterr\u00e9s\",\"conteneurs enterr\u00e9s hydrauliques\",\"D\u00e9chets\",\"d\u00e9chets m\u00e9nagers\",\"Design urbain\",\"Durabilit\u00e9\",\"environnement\",\"Gestion des d\u00e9chets\",\"Gestion des d\u00e9chets urbains\",\"nettoyage urbain\",\"PME Excel\u00eancia\",\"Semi-underground containers\"],\"inLanguage\":\"fr-FR\"},{\"@type\":\"WebPage\",\"@id\":\"https:\\\/\\\/lasso.pt\\\/fr\\\/contenur-visite-les-installations-de-lasso-a-santo-tirso\\\/\",\"url\":\"https:\\\/\\\/lasso.pt\\\/fr\\\/contenur-visite-les-installations-de-lasso-a-santo-tirso\\\/\",\"name\":\"Contenur visite les installations de Lasso \u00e0 Santo Tirso - lasso\",\"isPartOf\":{\"@id\":\"https:\\\/\\\/lasso.pt\\\/#website\"},\"primaryImageOfPage\":{\"@id\":\"https:\\\/\\\/lasso.pt\\\/fr\\\/contenur-visite-les-installations-de-lasso-a-santo-tirso\\\/#primaryimage\"},\"image\":{\"@id\":\"https:\\\/\\\/lasso.pt\\\/fr\\\/contenur-visite-les-installations-de-lasso-a-santo-tirso\\\/#primaryimage\"},\"thumbnailUrl\":\"https:\\\/\\\/lasso.pt\\\/wp-content\\\/uploads\\\/2026\\\/09\\\/Noticia_Visita-Contenur-2026.jpg\",\"datePublished\":\"2026-09-01T10:48:17+00:00\",\"dateModified\":\"2026-09-01T10:56:29+00:00\",\"author\":{\"@id\":\"https:\\\/\\\/lasso.pt\\\/#\\\/schema\\\/person\\\/13f4def1ce0083c9f8b89ced4e50ba08\"},\"breadcrumb\":{\"@id\":\"https:\\\/\\\/lasso.pt\\\/fr\\\/contenur-visite-les-installations-de-lasso-a-santo-tirso\\\/#breadcrumb\"},\"inLanguage\":\"fr-FR\",\"potentialAction\":[{\"@type\":\"ReadAction\",\"target\":[\"https:\\\/\\\/lasso.pt\\\/fr\\\/contenur-visite-les-installations-de-lasso-a-santo-tirso\\\/\"]}]},{\"@type\":\"ImageObject\",\"inLanguage\":\"fr-FR\",\"@id\":\"https:\\\/\\\/lasso.pt\\\/fr\\\/contenur-visite-les-installations-de-lasso-a-santo-tirso\\\/#primaryimage\",\"url\":\"https:\\\/\\\/lasso.pt\\\/wp-content\\\/uploads\\\/2026\\\/09\\\/Noticia_Visita-Contenur-2026.jpg\",\"contentUrl\":\"https:\\\/\\\/lasso.pt\\\/wp-content\\\/uploads\\\/2026\\\/09\\\/Noticia_Visita-Contenur-2026.jpg\",\"width\":1209,\"height\":359,\"caption\":\"Visita da Contenur \u00e0 Lasso\"},{\"@type\":\"BreadcrumbList\",\"@id\":\"https:\\\/\\\/lasso.pt\\\/fr\\\/contenur-visite-les-installations-de-lasso-a-santo-tirso\\\/#breadcrumb\",\"itemListElement\":[{\"@type\":\"ListItem\",\"position\":1,\"name\":\"Home\",\"item\":\"https:\\\/\\\/lasso.pt\\\/fr\\\/\"},{\"@type\":\"ListItem\",\"position\":2,\"name\":\"Contenur visite les installations de Lasso \u00e0 Santo Tirso\"}]},{\"@type\":\"WebSite\",\"@id\":\"https:\\\/\\\/lasso.pt\\\/#website\",\"url\":\"https:\\\/\\\/lasso.pt\\\/\",\"name\":\"lasso\",\"description\":\"Empresa de refer&ecirc;ncia no mercado dos contentores enterrados e semienterrados\",\"potentialAction\":[{\"@type\":\"SearchAction\",\"target\":{\"@type\":\"EntryPoint\",\"urlTemplate\":\"https:\\\/\\\/lasso.pt\\\/?s={search_term_string}\"},\"query-input\":{\"@type\":\"PropertyValueSpecification\",\"valueRequired\":true,\"valueName\":\"search_term_string\"}}],\"inLanguage\":\"fr-FR\"},{\"@type\":\"Person\",\"@id\":\"https:\\\/\\\/lasso.pt\\\/#\\\/schema\\\/person\\\/13f4def1ce0083c9f8b89ced4e50ba08\",\"name\":\"Alexandra Martins\",\"image\":{\"@type\":\"ImageObject\",\"inLanguage\":\"fr-FR\",\"@id\":\"https:\\\/\\\/lasso.pt\\\/wp-content\\\/litespeed\\\/avatar\\\/506bd31171dd04d93a984428016bfb8d.jpg?ver=1788041970\",\"url\":\"https:\\\/\\\/lasso.pt\\\/wp-content\\\/litespeed\\\/avatar\\\/506bd31171dd04d93a984428016bfb8d.jpg?ver=1788041970\",\"contentUrl\":\"https:\\\/\\\/lasso.pt\\\/wp-content\\\/litespeed\\\/avatar\\\/506bd31171dd04d93a984428016bfb8d.jpg?ver=1788041970\",\"caption\":\"Alexandra Martins\"},\"url\":\"https:\\\/\\\/lasso.pt\\\/fr\\\/author\\\/alexandramar\\\/\"}]}<\/script>\n<!-- \/ Yoast SEO plugin. -->","yoast_head_json":{"title":"Contenur visite les installations de Lasso \u00e0 Santo Tirso - lasso","robots":{"index":"index","follow":"follow","max-snippet":"max-snippet:-1","max-image-preview":"max-image-preview:large","max-video-preview":"max-video-preview:-1"},"canonical":"https:\/\/lasso.pt\/fr\/contenur-visite-les-installations-de-lasso-a-santo-tirso\/","og_locale":"fr_FR","og_type":"article","og_title":"Contenur visite les installations de Lasso \u00e0 Santo Tirso - lasso","og_description":"D\u00e9but juillet, Lasso Eco Innovation a accueilli une d\u00e9l\u00e9gation de Contenur \u2014 partenaire et distributeur de l\u2019entreprise pour le march\u00e9 fran\u00e7ais \u2014 r\u00e9unissant une quinzaine de membres de l\u2019\u00e9quipe commerciale de la soci\u00e9t\u00e9 espagnole sur son site de production au Portugal. Lors de cette journ\u00e9e consacr\u00e9e au partage d\u2019expertise et \u00e0 l\u2019innovation, les participants ont [&hellip;]","og_url":"https:\/\/lasso.pt\/fr\/contenur-visite-les-installations-de-lasso-a-santo-tirso\/","og_site_name":"lasso","article_published_time":"2026-09-01T10:48:17+00:00","article_modified_time":"2026-09-01T10:56:29+00:00","og_image":[{"width":1209,"height":359,"url":"https:\/\/lasso.pt\/wp-content\/uploads\/2026\/09\/Noticia_Visita-Contenur-2026.jpg","type":"image\/jpeg"}],"author":"Alexandra Martins","twitter_card":"summary_large_image","twitter_misc":{"\u00c9crit par":"Alexandra Martins","Dur\u00e9e de lecture estim\u00e9e":"2 minutes"},"schema":{"@context":"https:\/\/schema.org","@graph":[{"@type":"Article","@id":"https:\/\/lasso.pt\/fr\/contenur-visite-les-installations-de-lasso-a-santo-tirso\/#article","isPartOf":{"@id":"https:\/\/lasso.pt\/fr\/contenur-visite-les-installations-de-lasso-a-santo-tirso\/"},"author":{"name":"Alexandra Martins","@id":"https:\/\/lasso.pt\/#\/schema\/person\/13f4def1ce0083c9f8b89ced4e50ba08"},"headline":"Contenur visite les installations de Lasso \u00e0 Santo Tirso","datePublished":"2026-09-01T10:48:17+00:00","dateModified":"2026-09-01T10:56:29+00:00","mainEntityOfPage":{"@id":"https:\/\/lasso.pt\/fr\/contenur-visite-les-installations-de-lasso-a-santo-tirso\/"},"wordCount":427,"image":{"@id":"https:\/\/lasso.pt\/fr\/contenur-visite-les-installations-de-lasso-a-santo-tirso\/#primaryimage"},"thumbnailUrl":"https:\/\/lasso.pt\/wp-content\/uploads\/2026\/09\/Noticia_Visita-Contenur-2026.jpg","keywords":["gestion des d\u00e9chets","recyclage"],"articleSection":["collecte s\u00e9lective","Conteneurs \u00e0 d\u00e9chets","conteneurs enterr\u00e9s","conteneurs enterr\u00e9s hydrauliques","D\u00e9chets","d\u00e9chets m\u00e9nagers","Design urbain","Durabilit\u00e9","environnement","Gestion des d\u00e9chets","Gestion des d\u00e9chets urbains","nettoyage urbain","PME Excel\u00eancia","Semi-underground containers"],"inLanguage":"fr-FR"},{"@type":"WebPage","@id":"https:\/\/lasso.pt\/fr\/contenur-visite-les-installations-de-lasso-a-santo-tirso\/","url":"https:\/\/lasso.pt\/fr\/contenur-visite-les-installations-de-lasso-a-santo-tirso\/","name":"Contenur visite les installations de Lasso \u00e0 Santo Tirso - lasso","isPartOf":{"@id":"https:\/\/lasso.pt\/#website"},"primaryImageOfPage":{"@id":"https:\/\/lasso.pt\/fr\/contenur-visite-les-installations-de-lasso-a-santo-tirso\/#primaryimage"},"image":{"@id":"https:\/\/lasso.pt\/fr\/contenur-visite-les-installations-de-lasso-a-santo-tirso\/#primaryimage"},"thumbnailUrl":"https:\/\/lasso.pt\/wp-content\/uploads\/2026\/09\/Noticia_Visita-Contenur-2026.jpg","datePublished":"2026-09-01T10:48:17+00:00","dateModified":"2026-09-01T10:56:29+00:00","author":{"@id":"https:\/\/lasso.pt\/#\/schema\/person\/13f4def1ce0083c9f8b89ced4e50ba08"},"breadcrumb":{"@id":"https:\/\/lasso.pt\/fr\/contenur-visite-les-installations-de-lasso-a-santo-tirso\/#breadcrumb"},"inLanguage":"fr-FR","potentialAction":[{"@type":"ReadAction","target":["https:\/\/lasso.pt\/fr\/contenur-visite-les-installations-de-lasso-a-santo-tirso\/"]}]},{"@type":"ImageObject","inLanguage":"fr-FR","@id":"https:\/\/lasso.pt\/fr\/contenur-visite-les-installations-de-lasso-a-santo-tirso\/#primaryimage","url":"https:\/\/lasso.pt\/wp-content\/uploads\/2026\/09\/Noticia_Visita-Contenur-2026.jpg","contentUrl":"https:\/\/lasso.pt\/wp-content\/uploads\/2026\/09\/Noticia_Visita-Contenur-2026.jpg","width":1209,"height":359,"caption":"Visita da Contenur \u00e0 Lasso"},{"@type":"BreadcrumbList","@id":"https:\/\/lasso.pt\/fr\/contenur-visite-les-installations-de-lasso-a-santo-tirso\/#breadcrumb","itemListElement":[{"@type":"ListItem","position":1,"name":"Home","item":"https:\/\/lasso.pt\/fr\/"},{"@type":"ListItem","position":2,"name":"Contenur visite les installations de Lasso \u00e0 Santo Tirso"}]},{"@type":"WebSite","@id":"https:\/\/lasso.pt\/#website","url":"https:\/\/lasso.pt\/","name":"lasso","description":"Empresa de refer&ecirc;ncia no mercado dos contentores enterrados e semienterrados","potentialAction":[{"@type":"SearchAction","target":{"@type":"EntryPoint","urlTemplate":"https:\/\/lasso.pt\/?s={search_term_string}"},"query-input":{"@type":"PropertyValueSpecification","valueRequired":true,"valueName":"search_term_string"}}],"inLanguage":"fr-FR"},{"@type":"Person","@id":"https:\/\/lasso.pt\/#\/schema\/person\/13f4def1ce0083c9f8b89ced4e50ba08","name":"Alexandra Martins","image":{"@type":"ImageObject","inLanguage":"fr-FR","@id":"https:\/\/lasso.pt\/wp-content\/litespeed\/avatar\/506bd31171dd04d93a984428016bfb8d.jpg?ver=1788041970","url":"https:\/\/lasso.pt\/wp-content\/litespeed\/avatar\/506bd31171dd04d93a984428016bfb8d.jpg?ver=1788041970","contentUrl":"https:\/\/lasso.pt\/wp-content\/litespeed\/avatar\/506bd31171dd04d93a984428016bfb8d.jpg?ver=1788041970","caption":"Alexandra Martins"},"url":"https:\/\/lasso.pt\/fr\/author\/alexandramar\/"}]}},"_links":{"self":[{"href":"https:\/\/lasso.pt\/fr\/wp-json\/wp\/v2\/posts\/8723","targetHints":{"allow":["GET"]}}],"collection":[{"href":"https:\/\/lasso.pt\/fr\/wp-json\/wp\/v2\/posts"}],"about":[{"href":"https:\/\/lasso.pt\/fr\/wp-json\/wp\/v2\/types\/post"}],"author":[{"embeddable":true,"href":"https:\/\/lasso.pt\/fr\/wp-json\/wp\/v2\/users\/4"}],"replies":[{"embeddable":true,"href":"https:\/\/lasso.pt\/fr\/wp-json\/wp\/v2\/comments?post=8723"}],"version-history":[{"count":1,"href":"https:\/\/lasso.pt\/fr\/wp-json\/wp\/v2\/posts\/8723\/revisions"}],"predecessor-version":[{"id":8724,"href":"https:\/\/lasso.pt\/fr\/wp-json\/wp\/v2\/posts\/8723\/revisions\/8724"}],"wp:featuredmedia":[{"embeddable":true,"href":"https:\/\/lasso.pt\/fr\/wp-json\/wp\/v2\/media\/8718"}],"wp:attachment":[{"href":"https:\/\/lasso.pt\/fr\/wp-json\/wp\/v2\/media?parent=8723"}],"wp:term":[{"taxonomy":"category","embeddable":true,"href":"https:\/\/lasso.pt\/fr\/wp-json\/wp\/v2\/categories?post=8723"},{"taxonomy":"post_tag","embeddable":true,"href":"https:\/\/lasso.pt\/fr\/wp-json\/wp\/v2\/tags?post=8723"}],"curies":[{"name":"wp","href":"https:\/\/api.w.org\/{rel}","templated":true}]}}