{"id":8265,"date":"2026-04-29T14:51:55","date_gmt":"2026-04-29T14:51:55","guid":{"rendered":"https:\/\/lasso.pt\/viitorul-managementului-deseurilor-este-deja-aici-si-este-prezent-la-ifat-2026-alaturi-de-lasso\/"},"modified":"2026-04-29T15:04:27","modified_gmt":"2026-04-29T15:04:27","slug":"viitorul-managementului-deseurilor-este-deja-aici-si-este-prezent-la-ifat-2026-alaturi-de-lasso","status":"publish","type":"post","link":"https:\/\/lasso.pt\/ro\/viitorul-managementului-deseurilor-este-deja-aici-si-este-prezent-la-ifat-2026-alaturi-de-lasso\/","title":{"rendered":"Viitorul managementului de\u0219eurilor este deja aici \u2014 \u0219i este prezent la IFAT 2026 al\u0103turi de Lasso"},"content":{"rendered":"\n<p>Lasso particip\u0103 din nou la IFAT 2026, cel mai mare eveniment interna\u021bional dedicat serviciilor \u0219i tehnologiilor de mediu. Aceast\u0103 prezen\u021b\u0103 constant\u0103 \u00een parcursul brandului consolideaz\u0103 angajamentul continuu al Lasso fa\u021b\u0103 de inova\u021bie \u0219i dezvoltarea de solu\u021bii care r\u0103spund provoc\u0103rilor actuale ale gestion\u0103rii de\u0219eurilor urbane.<\/p>\n\n<p>\u00cen cadrul evenimentului, Lasso \u00ee\u0219i va prezenta cele mai recente solu\u021bii pentru managementul de\u0219eurilor, pun\u00e2nd accent pe containerele subterane, fabricate din materiale extrem de durabile \u0219i rezistente, integrate cu elemente care sporesc siguran\u021ba \u0219i func\u021bionalitatea. Aceste sisteme, cu un design modern, sunt concepute pentru a asigura eficien\u021b\u0103, robuste\u021be \u0219i integrare urban\u0103. De asemenea, ele sunt preg\u0103tite pentru integrarea sistemelor inteligente de gestionare a de\u0219eurilor, permi\u021b\u00e2nd controlul accesului, implementarea modelului PAYT (Pay-As-You-Throw) \u0219i monitorizarea, contribuind astfel la optimizarea proceselor de colectare.<\/p>\n\n<p>\u00centr-un context \u00een care ora\u0219ele se confrunt\u0103 cu provoc\u0103ri de mediu tot mai mari, implementarea unor sisteme de colectare mai eficiente \u0219i tehnologizate joac\u0103 un rol esen\u021bial. Solu\u021biile Lasso contribuie la dezvoltarea unor ora\u0219e mai sustenabile, care pun accent pe calitatea vie\u021bii cet\u0103\u021benilor \u0219i trateaz\u0103 managementul de\u0219eurilor ca pe o prioritate strategic\u0103 \u00een politicile publice.<\/p>\n\n<p>Dup\u0103 cum afirm\u0103 Sofia Sampaio, Director Comercial Lasso: \u201eLa IFAT 2026 vom avea un spa\u021biu dedicat, unde echipamentele noastre vor fi expuse \u0219i unde vom avea pl\u0103cerea s\u0103 \u00eent\u00e2mpin\u0103m municipalit\u0103\u021bi \u0219i companii. Este o oportunitate excelent\u0103 de a prezenta noua genera\u021bie de echipamente pentru colectarea selectiv\u0103 a de\u0219eurilor urbane \u0219i de a \u00eemp\u0103rt\u0103\u0219i viziunea noastr\u0103 asupra viitorului ora\u0219elor.\u201d<\/p>\n\n<p>Lasso se pozi\u021bioneaz\u0103 ca un brand multina\u021bional de referin\u021b\u0103, cu produc\u021bie \u00een Portugalia \u0219i, mai recent, cu o unitate de fabrica\u021bie \u00een Rom\u00e2nia, consolid\u00e2ndu-\u0219i astfel prezen\u021ba pe pie\u021bele din Europa Central\u0103 \u0219i de Est.<\/p>\n\n<p><\/p>\n","protected":false},"excerpt":{"rendered":"<p>Lasso particip\u0103 din nou la IFAT 2026, cel mai mare eveniment interna\u021bional dedicat serviciilor \u0219i tehnologiilor de mediu. Aceast\u0103 prezen\u021b\u0103 constant\u0103 \u00een parcursul brandului consolideaz\u0103 angajamentul continuu al Lasso fa\u021b\u0103 de inova\u021bie \u0219i dezvoltarea de solu\u021bii care r\u0103spund provoc\u0103rilor actuale ale gestion\u0103rii de\u0219eurilor urbane. \u00cen cadrul evenimentului, Lasso \u00ee\u0219i va prezenta cele mai recente solu\u021bii [&hellip;]<\/p>\n","protected":false},"author":3,"featured_media":8267,"comment_status":"closed","ping_status":"closed","sticky":false,"template":"","format":"standard","meta":{"footnotes":""},"categories":[141,136,134,139,179,137,140,135,175,133,163,142,138,164],"tags":[],"class_list":["post-8265","post","type-post","status-publish","format-standard","has-post-thumbnail","hentry","category-biodeseuri","category-colectare-selectiva","category-containere-de-gunoi","category-containere-semiingropate","category-containerele-hidraulice-lasso","category-curatenie-urbana","category-deseuri","category-deseuri-urbane","category-design-urban","category-managementul-deseurilor","category-managementul-deseurilor-urbane","category-mediu","category-recipiente-ingropate","category-sustenabilitate"],"acf":[],"yoast_head":"<!-- This site is optimized with the Yoast SEO plugin v27.5 - https:\/\/yoast.com\/product\/yoast-seo-wordpress\/ -->\n<title>Viitorul managementului de\u0219eurilor este deja aici \u2014 \u0219i este prezent la IFAT 2026 al\u0103turi de Lasso - lasso<\/title>\n<meta name=\"robots\" content=\"index, follow, max-snippet:-1, max-image-preview:large, max-video-preview:-1\" \/>\n<link rel=\"canonical\" href=\"https:\/\/lasso.pt\/ro\/viitorul-managementului-deseurilor-este-deja-aici-si-este-prezent-la-ifat-2026-alaturi-de-lasso\/\" \/>\n<meta property=\"og:locale\" content=\"ro_RO\" \/>\n<meta property=\"og:type\" content=\"article\" \/>\n<meta property=\"og:title\" content=\"Viitorul managementului de\u0219eurilor este deja aici \u2014 \u0219i este prezent la IFAT 2026 al\u0103turi de Lasso - lasso\" \/>\n<meta property=\"og:description\" content=\"Lasso particip\u0103 din nou la IFAT 2026, cel mai mare eveniment interna\u021bional dedicat serviciilor \u0219i tehnologiilor de mediu. Aceast\u0103 prezen\u021b\u0103 constant\u0103 \u00een parcursul brandului consolideaz\u0103 angajamentul continuu al Lasso fa\u021b\u0103 de inova\u021bie \u0219i dezvoltarea de solu\u021bii care r\u0103spund provoc\u0103rilor actuale ale gestion\u0103rii de\u0219eurilor urbane. \u00cen cadrul evenimentului, Lasso \u00ee\u0219i va prezenta cele mai recente solu\u021bii [&hellip;]\" \/>\n<meta property=\"og:url\" content=\"https:\/\/lasso.pt\/ro\/viitorul-managementului-deseurilor-este-deja-aici-si-este-prezent-la-ifat-2026-alaturi-de-lasso\/\" \/>\n<meta property=\"og:site_name\" content=\"lasso\" \/>\n<meta property=\"article:published_time\" content=\"2026-04-29T14:51:55+00:00\" \/>\n<meta property=\"article:modified_time\" content=\"2026-04-29T15:04:27+00:00\" \/>\n<meta property=\"og:image\" content=\"https:\/\/lasso.pt\/wp-content\/uploads\/2026\/04\/Noticias_EN-1.jpg\" \/>\n\t<meta property=\"og:image:width\" content=\"1160\" \/>\n\t<meta property=\"og:image:height\" content=\"344\" \/>\n\t<meta property=\"og:image:type\" content=\"image\/jpeg\" \/>\n<meta name=\"author\" content=\"Marco Ferreira\" \/>\n<meta name=\"twitter:card\" content=\"summary_large_image\" \/>\n<meta name=\"twitter:label1\" content=\"Scris de\" \/>\n\t<meta name=\"twitter:data1\" content=\"Marco Ferreira\" \/>\n\t<meta name=\"twitter:label2\" content=\"Timp estimat pentru citire\" \/>\n\t<meta name=\"twitter:data2\" content=\"2 minute\" \/>\n<script type=\"application\/ld+json\" class=\"yoast-schema-graph\">{\"@context\":\"https:\\\/\\\/schema.org\",\"@graph\":[{\"@type\":\"Article\",\"@id\":\"https:\\\/\\\/lasso.pt\\\/ro\\\/viitorul-managementului-deseurilor-este-deja-aici-si-este-prezent-la-ifat-2026-alaturi-de-lasso\\\/#article\",\"isPartOf\":{\"@id\":\"https:\\\/\\\/lasso.pt\\\/ro\\\/viitorul-managementului-deseurilor-este-deja-aici-si-este-prezent-la-ifat-2026-alaturi-de-lasso\\\/\"},\"author\":{\"name\":\"Marco Ferreira\",\"@id\":\"https:\\\/\\\/lasso.pt\\\/#\\\/schema\\\/person\\\/037fcbc5ef701630790513bbe1a2cc62\"},\"headline\":\"Viitorul managementului de\u0219eurilor este deja aici \u2014 \u0219i este prezent la IFAT 2026 al\u0103turi de Lasso\",\"datePublished\":\"2026-04-29T14:51:55+00:00\",\"dateModified\":\"2026-04-29T15:04:27+00:00\",\"mainEntityOfPage\":{\"@id\":\"https:\\\/\\\/lasso.pt\\\/ro\\\/viitorul-managementului-deseurilor-este-deja-aici-si-este-prezent-la-ifat-2026-alaturi-de-lasso\\\/\"},\"wordCount\":328,\"image\":{\"@id\":\"https:\\\/\\\/lasso.pt\\\/ro\\\/viitorul-managementului-deseurilor-este-deja-aici-si-este-prezent-la-ifat-2026-alaturi-de-lasso\\\/#primaryimage\"},\"thumbnailUrl\":\"https:\\\/\\\/lasso.pt\\\/wp-content\\\/uploads\\\/2026\\\/04\\\/Noticias_EN-1.jpg\",\"articleSection\":[\"biode\u0219euri\",\"colectare selectiv\u0103\",\"containere de gunoi\",\"containere semi\u00eengropate\",\"containerele hidraulice Lasso\",\"curatenie urbana\",\"de\u015feuri\",\"de\u015feuri urbane\",\"Design urban\",\"managementul de\u0219eurilor\",\"Managementul de\u0219eurilor urbane\",\"mediu\",\"recipiente \u00eengropate\",\"Sustenabilitate\"],\"inLanguage\":\"ro-RO\"},{\"@type\":\"WebPage\",\"@id\":\"https:\\\/\\\/lasso.pt\\\/ro\\\/viitorul-managementului-deseurilor-este-deja-aici-si-este-prezent-la-ifat-2026-alaturi-de-lasso\\\/\",\"url\":\"https:\\\/\\\/lasso.pt\\\/ro\\\/viitorul-managementului-deseurilor-este-deja-aici-si-este-prezent-la-ifat-2026-alaturi-de-lasso\\\/\",\"name\":\"Viitorul managementului de\u0219eurilor este deja aici \u2014 \u0219i este prezent la IFAT 2026 al\u0103turi de Lasso - lasso\",\"isPartOf\":{\"@id\":\"https:\\\/\\\/lasso.pt\\\/#website\"},\"primaryImageOfPage\":{\"@id\":\"https:\\\/\\\/lasso.pt\\\/ro\\\/viitorul-managementului-deseurilor-este-deja-aici-si-este-prezent-la-ifat-2026-alaturi-de-lasso\\\/#primaryimage\"},\"image\":{\"@id\":\"https:\\\/\\\/lasso.pt\\\/ro\\\/viitorul-managementului-deseurilor-este-deja-aici-si-este-prezent-la-ifat-2026-alaturi-de-lasso\\\/#primaryimage\"},\"thumbnailUrl\":\"https:\\\/\\\/lasso.pt\\\/wp-content\\\/uploads\\\/2026\\\/04\\\/Noticias_EN-1.jpg\",\"datePublished\":\"2026-04-29T14:51:55+00:00\",\"dateModified\":\"2026-04-29T15:04:27+00:00\",\"author\":{\"@id\":\"https:\\\/\\\/lasso.pt\\\/#\\\/schema\\\/person\\\/037fcbc5ef701630790513bbe1a2cc62\"},\"breadcrumb\":{\"@id\":\"https:\\\/\\\/lasso.pt\\\/ro\\\/viitorul-managementului-deseurilor-este-deja-aici-si-este-prezent-la-ifat-2026-alaturi-de-lasso\\\/#breadcrumb\"},\"inLanguage\":\"ro-RO\",\"potentialAction\":[{\"@type\":\"ReadAction\",\"target\":[\"https:\\\/\\\/lasso.pt\\\/ro\\\/viitorul-managementului-deseurilor-este-deja-aici-si-este-prezent-la-ifat-2026-alaturi-de-lasso\\\/\"]}]},{\"@type\":\"ImageObject\",\"inLanguage\":\"ro-RO\",\"@id\":\"https:\\\/\\\/lasso.pt\\\/ro\\\/viitorul-managementului-deseurilor-este-deja-aici-si-este-prezent-la-ifat-2026-alaturi-de-lasso\\\/#primaryimage\",\"url\":\"https:\\\/\\\/lasso.pt\\\/wp-content\\\/uploads\\\/2026\\\/04\\\/Noticias_EN-1.jpg\",\"contentUrl\":\"https:\\\/\\\/lasso.pt\\\/wp-content\\\/uploads\\\/2026\\\/04\\\/Noticias_EN-1.jpg\",\"width\":1160,\"height\":344,\"caption\":\"Lasso at IFAT 2026\"},{\"@type\":\"BreadcrumbList\",\"@id\":\"https:\\\/\\\/lasso.pt\\\/ro\\\/viitorul-managementului-deseurilor-este-deja-aici-si-este-prezent-la-ifat-2026-alaturi-de-lasso\\\/#breadcrumb\",\"itemListElement\":[{\"@type\":\"ListItem\",\"position\":1,\"name\":\"Home\",\"item\":\"https:\\\/\\\/lasso.pt\\\/ro\\\/\"},{\"@type\":\"ListItem\",\"position\":2,\"name\":\"Viitorul managementului de\u0219eurilor este deja aici \u2014 \u0219i este prezent la IFAT 2026 al\u0103turi de Lasso\"}]},{\"@type\":\"WebSite\",\"@id\":\"https:\\\/\\\/lasso.pt\\\/#website\",\"url\":\"https:\\\/\\\/lasso.pt\\\/\",\"name\":\"lasso\",\"description\":\"Empresa de refer&ecirc;ncia no mercado dos contentores enterrados e semienterrados\",\"potentialAction\":[{\"@type\":\"SearchAction\",\"target\":{\"@type\":\"EntryPoint\",\"urlTemplate\":\"https:\\\/\\\/lasso.pt\\\/?s={search_term_string}\"},\"query-input\":{\"@type\":\"PropertyValueSpecification\",\"valueRequired\":true,\"valueName\":\"search_term_string\"}}],\"inLanguage\":\"ro-RO\"},{\"@type\":\"Person\",\"@id\":\"https:\\\/\\\/lasso.pt\\\/#\\\/schema\\\/person\\\/037fcbc5ef701630790513bbe1a2cc62\",\"name\":\"Marco Ferreira\",\"image\":{\"@type\":\"ImageObject\",\"inLanguage\":\"ro-RO\",\"@id\":\"https:\\\/\\\/secure.gravatar.com\\\/avatar\\\/f7aaa8671715ef738c0fdf16d814d74c5290b5389e5576b876d3031350976d1a?s=96&d=mm&r=g\",\"url\":\"https:\\\/\\\/secure.gravatar.com\\\/avatar\\\/f7aaa8671715ef738c0fdf16d814d74c5290b5389e5576b876d3031350976d1a?s=96&d=mm&r=g\",\"contentUrl\":\"https:\\\/\\\/secure.gravatar.com\\\/avatar\\\/f7aaa8671715ef738c0fdf16d814d74c5290b5389e5576b876d3031350976d1a?s=96&d=mm&r=g\",\"caption\":\"Marco Ferreira\"},\"url\":\"https:\\\/\\\/lasso.pt\\\/ro\\\/author\\\/marco-alexandre-ferreira\\\/\"}]}<\/script>\n<!-- \/ Yoast SEO plugin. -->","yoast_head_json":{"title":"Viitorul managementului de\u0219eurilor este deja aici \u2014 \u0219i este prezent la IFAT 2026 al\u0103turi de Lasso - lasso","robots":{"index":"index","follow":"follow","max-snippet":"max-snippet:-1","max-image-preview":"max-image-preview:large","max-video-preview":"max-video-preview:-1"},"canonical":"https:\/\/lasso.pt\/ro\/viitorul-managementului-deseurilor-este-deja-aici-si-este-prezent-la-ifat-2026-alaturi-de-lasso\/","og_locale":"ro_RO","og_type":"article","og_title":"Viitorul managementului de\u0219eurilor este deja aici \u2014 \u0219i este prezent la IFAT 2026 al\u0103turi de Lasso - lasso","og_description":"Lasso particip\u0103 din nou la IFAT 2026, cel mai mare eveniment interna\u021bional dedicat serviciilor \u0219i tehnologiilor de mediu. Aceast\u0103 prezen\u021b\u0103 constant\u0103 \u00een parcursul brandului consolideaz\u0103 angajamentul continuu al Lasso fa\u021b\u0103 de inova\u021bie \u0219i dezvoltarea de solu\u021bii care r\u0103spund provoc\u0103rilor actuale ale gestion\u0103rii de\u0219eurilor urbane. \u00cen cadrul evenimentului, Lasso \u00ee\u0219i va prezenta cele mai recente solu\u021bii [&hellip;]","og_url":"https:\/\/lasso.pt\/ro\/viitorul-managementului-deseurilor-este-deja-aici-si-este-prezent-la-ifat-2026-alaturi-de-lasso\/","og_site_name":"lasso","article_published_time":"2026-04-29T14:51:55+00:00","article_modified_time":"2026-04-29T15:04:27+00:00","og_image":[{"width":1160,"height":344,"url":"https:\/\/lasso.pt\/wp-content\/uploads\/2026\/04\/Noticias_EN-1.jpg","type":"image\/jpeg"}],"author":"Marco Ferreira","twitter_card":"summary_large_image","twitter_misc":{"Scris de":"Marco Ferreira","Timp estimat pentru citire":"2 minute"},"schema":{"@context":"https:\/\/schema.org","@graph":[{"@type":"Article","@id":"https:\/\/lasso.pt\/ro\/viitorul-managementului-deseurilor-este-deja-aici-si-este-prezent-la-ifat-2026-alaturi-de-lasso\/#article","isPartOf":{"@id":"https:\/\/lasso.pt\/ro\/viitorul-managementului-deseurilor-este-deja-aici-si-este-prezent-la-ifat-2026-alaturi-de-lasso\/"},"author":{"name":"Marco Ferreira","@id":"https:\/\/lasso.pt\/#\/schema\/person\/037fcbc5ef701630790513bbe1a2cc62"},"headline":"Viitorul managementului de\u0219eurilor este deja aici \u2014 \u0219i este prezent la IFAT 2026 al\u0103turi de Lasso","datePublished":"2026-04-29T14:51:55+00:00","dateModified":"2026-04-29T15:04:27+00:00","mainEntityOfPage":{"@id":"https:\/\/lasso.pt\/ro\/viitorul-managementului-deseurilor-este-deja-aici-si-este-prezent-la-ifat-2026-alaturi-de-lasso\/"},"wordCount":328,"image":{"@id":"https:\/\/lasso.pt\/ro\/viitorul-managementului-deseurilor-este-deja-aici-si-este-prezent-la-ifat-2026-alaturi-de-lasso\/#primaryimage"},"thumbnailUrl":"https:\/\/lasso.pt\/wp-content\/uploads\/2026\/04\/Noticias_EN-1.jpg","articleSection":["biode\u0219euri","colectare selectiv\u0103","containere de gunoi","containere semi\u00eengropate","containerele hidraulice Lasso","curatenie urbana","de\u015feuri","de\u015feuri urbane","Design urban","managementul de\u0219eurilor","Managementul de\u0219eurilor urbane","mediu","recipiente \u00eengropate","Sustenabilitate"],"inLanguage":"ro-RO"},{"@type":"WebPage","@id":"https:\/\/lasso.pt\/ro\/viitorul-managementului-deseurilor-este-deja-aici-si-este-prezent-la-ifat-2026-alaturi-de-lasso\/","url":"https:\/\/lasso.pt\/ro\/viitorul-managementului-deseurilor-este-deja-aici-si-este-prezent-la-ifat-2026-alaturi-de-lasso\/","name":"Viitorul managementului de\u0219eurilor este deja aici \u2014 \u0219i este prezent la IFAT 2026 al\u0103turi de Lasso - lasso","isPartOf":{"@id":"https:\/\/lasso.pt\/#website"},"primaryImageOfPage":{"@id":"https:\/\/lasso.pt\/ro\/viitorul-managementului-deseurilor-este-deja-aici-si-este-prezent-la-ifat-2026-alaturi-de-lasso\/#primaryimage"},"image":{"@id":"https:\/\/lasso.pt\/ro\/viitorul-managementului-deseurilor-este-deja-aici-si-este-prezent-la-ifat-2026-alaturi-de-lasso\/#primaryimage"},"thumbnailUrl":"https:\/\/lasso.pt\/wp-content\/uploads\/2026\/04\/Noticias_EN-1.jpg","datePublished":"2026-04-29T14:51:55+00:00","dateModified":"2026-04-29T15:04:27+00:00","author":{"@id":"https:\/\/lasso.pt\/#\/schema\/person\/037fcbc5ef701630790513bbe1a2cc62"},"breadcrumb":{"@id":"https:\/\/lasso.pt\/ro\/viitorul-managementului-deseurilor-este-deja-aici-si-este-prezent-la-ifat-2026-alaturi-de-lasso\/#breadcrumb"},"inLanguage":"ro-RO","potentialAction":[{"@type":"ReadAction","target":["https:\/\/lasso.pt\/ro\/viitorul-managementului-deseurilor-este-deja-aici-si-este-prezent-la-ifat-2026-alaturi-de-lasso\/"]}]},{"@type":"ImageObject","inLanguage":"ro-RO","@id":"https:\/\/lasso.pt\/ro\/viitorul-managementului-deseurilor-este-deja-aici-si-este-prezent-la-ifat-2026-alaturi-de-lasso\/#primaryimage","url":"https:\/\/lasso.pt\/wp-content\/uploads\/2026\/04\/Noticias_EN-1.jpg","contentUrl":"https:\/\/lasso.pt\/wp-content\/uploads\/2026\/04\/Noticias_EN-1.jpg","width":1160,"height":344,"caption":"Lasso at IFAT 2026"},{"@type":"BreadcrumbList","@id":"https:\/\/lasso.pt\/ro\/viitorul-managementului-deseurilor-este-deja-aici-si-este-prezent-la-ifat-2026-alaturi-de-lasso\/#breadcrumb","itemListElement":[{"@type":"ListItem","position":1,"name":"Home","item":"https:\/\/lasso.pt\/ro\/"},{"@type":"ListItem","position":2,"name":"Viitorul managementului de\u0219eurilor este deja aici \u2014 \u0219i este prezent la IFAT 2026 al\u0103turi de Lasso"}]},{"@type":"WebSite","@id":"https:\/\/lasso.pt\/#website","url":"https:\/\/lasso.pt\/","name":"lasso","description":"Empresa de refer&ecirc;ncia no mercado dos contentores enterrados e semienterrados","potentialAction":[{"@type":"SearchAction","target":{"@type":"EntryPoint","urlTemplate":"https:\/\/lasso.pt\/?s={search_term_string}"},"query-input":{"@type":"PropertyValueSpecification","valueRequired":true,"valueName":"search_term_string"}}],"inLanguage":"ro-RO"},{"@type":"Person","@id":"https:\/\/lasso.pt\/#\/schema\/person\/037fcbc5ef701630790513bbe1a2cc62","name":"Marco Ferreira","image":{"@type":"ImageObject","inLanguage":"ro-RO","@id":"https:\/\/secure.gravatar.com\/avatar\/f7aaa8671715ef738c0fdf16d814d74c5290b5389e5576b876d3031350976d1a?s=96&d=mm&r=g","url":"https:\/\/secure.gravatar.com\/avatar\/f7aaa8671715ef738c0fdf16d814d74c5290b5389e5576b876d3031350976d1a?s=96&d=mm&r=g","contentUrl":"https:\/\/secure.gravatar.com\/avatar\/f7aaa8671715ef738c0fdf16d814d74c5290b5389e5576b876d3031350976d1a?s=96&d=mm&r=g","caption":"Marco Ferreira"},"url":"https:\/\/lasso.pt\/ro\/author\/marco-alexandre-ferreira\/"}]}},"_links":{"self":[{"href":"https:\/\/lasso.pt\/ro\/wp-json\/wp\/v2\/posts\/8265","targetHints":{"allow":["GET"]}}],"collection":[{"href":"https:\/\/lasso.pt\/ro\/wp-json\/wp\/v2\/posts"}],"about":[{"href":"https:\/\/lasso.pt\/ro\/wp-json\/wp\/v2\/types\/post"}],"author":[{"embeddable":true,"href":"https:\/\/lasso.pt\/ro\/wp-json\/wp\/v2\/users\/3"}],"replies":[{"embeddable":true,"href":"https:\/\/lasso.pt\/ro\/wp-json\/wp\/v2\/comments?post=8265"}],"version-history":[{"count":1,"href":"https:\/\/lasso.pt\/ro\/wp-json\/wp\/v2\/posts\/8265\/revisions"}],"predecessor-version":[{"id":8266,"href":"https:\/\/lasso.pt\/ro\/wp-json\/wp\/v2\/posts\/8265\/revisions\/8266"}],"wp:featuredmedia":[{"embeddable":true,"href":"https:\/\/lasso.pt\/ro\/wp-json\/wp\/v2\/media\/8267"}],"wp:attachment":[{"href":"https:\/\/lasso.pt\/ro\/wp-json\/wp\/v2\/media?parent=8265"}],"wp:term":[{"taxonomy":"category","embeddable":true,"href":"https:\/\/lasso.pt\/ro\/wp-json\/wp\/v2\/categories?post=8265"},{"taxonomy":"post_tag","embeddable":true,"href":"https:\/\/lasso.pt\/ro\/wp-json\/wp\/v2\/tags?post=8265"}],"curies":[{"name":"wp","href":"https:\/\/api.w.org\/{rel}","templated":true}]}}