{"id":8292,"date":"2026-04-29T15:31:29","date_gmt":"2026-04-29T15:31:29","guid":{"rendered":"https:\/\/lasso.pt\/lasso-isi-consolideaza-prezenta-in-franta-printr-un-nou-proiect-in-chamonix\/"},"modified":"2026-04-29T15:38:48","modified_gmt":"2026-04-29T15:38:48","slug":"lasso-isi-consolideaza-prezenta-in-franta-printr-un-nou-proiect-in-chamonix","status":"publish","type":"post","link":"https:\/\/lasso.pt\/ro\/lasso-isi-consolideaza-prezenta-in-franta-printr-un-nou-proiect-in-chamonix\/","title":{"rendered":"Lasso \u00ee\u0219i consolideaz\u0103 prezen\u021ba \u00een Fran\u021ba printr-un nou proiect \u00een Chamonix"},"content":{"rendered":"\n<p>Lasso a c\u00e2\u0219tigat recent o licita\u021bie interna\u021bional\u0103 important\u0103 \u00een Vall\u00e9e de Chamonix &#8211; Mont-Blanc, Fran\u021ba, \u00een colaborare cu partenerul s\u0103u exclusiv Contenur, consolid\u00e2ndu-\u0219i astfel pozi\u021bia ca reper \u00een dezvoltarea de solu\u021bii inovatoare pentru managementul de\u0219eurilor urbane.<\/p>\n\n<p>Primele livr\u0103ri ale proiectului sunt deja \u00een curs, marc\u00e2nd lansarea unei ini\u021biative strategice menite s\u0103 modernizeze sistemul existent de colectare din regiune. Proiectul presupune modernizarea sistemului actual de extrac\u021bie instalat \u00een containerele semi-\u00eengropate, care p\u00e2n\u0103 \u00een prezent utiliza saci \u0219i containere metalice provenite de la diferi\u021bi furnizori.<\/p>\n\n<p>Solu\u021bia propus\u0103 de Lasso include \u00eenlocuirea complet\u0103 a acestui sistem cu containere metalice echipate cu tehnologie Kinshofer, completate de capace metalice cu dou\u0103 deschideri, asigur\u00e2nd astfel o eficien\u021b\u0103 opera\u021bional\u0103 mai ridicat\u0103, durabilitate sporit\u0103 \u0219i o experien\u021b\u0103 \u00eembun\u0103t\u0103\u021bit\u0103 pentru utilizatori.<\/p>\n\n<p>\u00cen total, 641 de unit\u0103\u021bi interne ale containerelor semi-\u00eengropate vor fi \u00eenlocuite, \u00eempreun\u0103 cu capacele aferente, \u00eentr-un proces etapizat care va continua p\u00e2n\u0103 \u00een anul 2027.<\/p>\n\n<p>\u201eAcest proiect reprezint\u0103 nu doar un pas semnificativ \u00een modernizarea infrastructurii de colectare a de\u0219eurilor din Chamonix, ci \u0219i consolideaz\u0103 parteneriatul strategic dintre Lasso \u0219i Contenur, demonstr\u00e2nd capacitatea lor comun\u0103 de a r\u0103spunde unor provoc\u0103ri complexe prin solu\u021bii tehnice de \u00eenalt\u0103 performan\u021b\u0103\u201d, afirm\u0103 Sofia Sampaio, Director Comercial pentru pia\u021ba interna\u021bional\u0103.<\/p>\n\n<p>Prin aceast\u0103 realizare, Lasso continu\u0103 s\u0103 se consolideze pe pia\u021ba interna\u021bional\u0103, aduc\u00e2nd inova\u021bie, calitate \u0219i sustenabilitate \u00een noi teritorii.<\/p>\n\n<p><\/p>\n","protected":false},"excerpt":{"rendered":"<p>Lasso a c\u00e2\u0219tigat recent o licita\u021bie interna\u021bional\u0103 important\u0103 \u00een Vall\u00e9e de Chamonix &#8211; Mont-Blanc, Fran\u021ba, \u00een colaborare cu partenerul s\u0103u exclusiv Contenur, consolid\u00e2ndu-\u0219i astfel pozi\u021bia ca reper \u00een dezvoltarea de solu\u021bii inovatoare pentru managementul de\u0219eurilor urbane. Primele livr\u0103ri ale proiectului sunt deja \u00een curs, marc\u00e2nd lansarea unei ini\u021biative strategice menite s\u0103 modernizeze sistemul existent de [&hellip;]<\/p>\n","protected":false},"author":3,"featured_media":8286,"comment_status":"closed","ping_status":"closed","sticky":false,"template":"","format":"standard","meta":{"footnotes":""},"categories":[141,136,134,139,179,137,140,135,175,150,133,163,142,138,164],"tags":[151,147,149,144,153,145,152,148,146,143],"class_list":["post-8292","post","type-post","status-publish","format-standard","has-post-thumbnail","hentry","category-biodeseuri","category-colectare-selectiva","category-containere-de-gunoi","category-containere-semiingropate","category-containerele-hidraulice-lasso","category-curatenie-urbana","category-deseuri","category-deseuri-urbane","category-design-urban","category-excelenta-imm-urilor","category-managementul-deseurilor","category-managementul-deseurilor-urbane","category-mediu","category-recipiente-ingropate","category-sustenabilitate","tag-biodeseuri","tag-colectare-selectiva","tag-curatenie-urbana","tag-deseuri-urbane","tag-internationalizarea","tag-managementul-deseurilor","tag-pt2030-ro","tag-reciclare","tag-recipiente-ingropate","tag-waste-management-ro"],"acf":[],"yoast_head":"<!-- This site is optimized with the Yoast SEO plugin v27.5 - https:\/\/yoast.com\/product\/yoast-seo-wordpress\/ -->\n<title>Lasso \u00ee\u0219i consolideaz\u0103 prezen\u021ba \u00een Fran\u021ba printr-un nou proiect \u00een Chamonix - lasso<\/title>\n<meta name=\"robots\" content=\"index, follow, max-snippet:-1, max-image-preview:large, max-video-preview:-1\" \/>\n<link rel=\"canonical\" href=\"https:\/\/lasso.pt\/ro\/lasso-isi-consolideaza-prezenta-in-franta-printr-un-nou-proiect-in-chamonix\/\" \/>\n<meta property=\"og:locale\" content=\"ro_RO\" \/>\n<meta property=\"og:type\" content=\"article\" \/>\n<meta property=\"og:title\" content=\"Lasso \u00ee\u0219i consolideaz\u0103 prezen\u021ba \u00een Fran\u021ba printr-un nou proiect \u00een Chamonix - lasso\" \/>\n<meta property=\"og:description\" content=\"Lasso a c\u00e2\u0219tigat recent o licita\u021bie interna\u021bional\u0103 important\u0103 \u00een Vall\u00e9e de Chamonix &#8211; Mont-Blanc, Fran\u021ba, \u00een colaborare cu partenerul s\u0103u exclusiv Contenur, consolid\u00e2ndu-\u0219i astfel pozi\u021bia ca reper \u00een dezvoltarea de solu\u021bii inovatoare pentru managementul de\u0219eurilor urbane. Primele livr\u0103ri ale proiectului sunt deja \u00een curs, marc\u00e2nd lansarea unei ini\u021biative strategice menite s\u0103 modernizeze sistemul existent de [&hellip;]\" \/>\n<meta property=\"og:url\" content=\"https:\/\/lasso.pt\/ro\/lasso-isi-consolideaza-prezenta-in-franta-printr-un-nou-proiect-in-chamonix\/\" \/>\n<meta property=\"og:site_name\" content=\"lasso\" \/>\n<meta property=\"article:published_time\" content=\"2026-04-29T15:31:29+00:00\" \/>\n<meta property=\"article:modified_time\" content=\"2026-04-29T15:38:48+00:00\" \/>\n<meta property=\"og:image\" content=\"https:\/\/lasso.pt\/wp-content\/uploads\/2026\/04\/Chamonix.jpg\" \/>\n\t<meta property=\"og:image:width\" content=\"1209\" \/>\n\t<meta property=\"og:image:height\" content=\"359\" \/>\n\t<meta property=\"og:image:type\" content=\"image\/jpeg\" \/>\n<meta name=\"author\" content=\"Marco Ferreira\" \/>\n<meta name=\"twitter:card\" content=\"summary_large_image\" \/>\n<meta name=\"twitter:label1\" content=\"Scris de\" \/>\n\t<meta name=\"twitter:data1\" content=\"Marco Ferreira\" \/>\n\t<meta name=\"twitter:label2\" content=\"Timp estimat pentru citire\" \/>\n\t<meta name=\"twitter:data2\" content=\"1 minut\" \/>\n<script type=\"application\/ld+json\" class=\"yoast-schema-graph\">{\"@context\":\"https:\\\/\\\/schema.org\",\"@graph\":[{\"@type\":\"Article\",\"@id\":\"https:\\\/\\\/lasso.pt\\\/ro\\\/lasso-isi-consolideaza-prezenta-in-franta-printr-un-nou-proiect-in-chamonix\\\/#article\",\"isPartOf\":{\"@id\":\"https:\\\/\\\/lasso.pt\\\/ro\\\/lasso-isi-consolideaza-prezenta-in-franta-printr-un-nou-proiect-in-chamonix\\\/\"},\"author\":{\"name\":\"Marco Ferreira\",\"@id\":\"https:\\\/\\\/lasso.pt\\\/#\\\/schema\\\/person\\\/037fcbc5ef701630790513bbe1a2cc62\"},\"headline\":\"Lasso \u00ee\u0219i consolideaz\u0103 prezen\u021ba \u00een Fran\u021ba printr-un nou proiect \u00een Chamonix\",\"datePublished\":\"2026-04-29T15:31:29+00:00\",\"dateModified\":\"2026-04-29T15:38:48+00:00\",\"mainEntityOfPage\":{\"@id\":\"https:\\\/\\\/lasso.pt\\\/ro\\\/lasso-isi-consolideaza-prezenta-in-franta-printr-un-nou-proiect-in-chamonix\\\/\"},\"wordCount\":265,\"image\":{\"@id\":\"https:\\\/\\\/lasso.pt\\\/ro\\\/lasso-isi-consolideaza-prezenta-in-franta-printr-un-nou-proiect-in-chamonix\\\/#primaryimage\"},\"thumbnailUrl\":\"https:\\\/\\\/lasso.pt\\\/wp-content\\\/uploads\\\/2026\\\/04\\\/Chamonix.jpg\",\"keywords\":[\"biode\u0219euri\",\"colectare selectiv\u0103\",\"curatenie urbana\",\"de\u015feuri urbane\",\"Interna\u021bionalizarea\",\"managementul de\u0219eurilor\",\"PT2030\",\"reciclare\",\"recipiente \u00eengropate\",\"Waste Management\"],\"articleSection\":[\"biode\u0219euri\",\"colectare selectiv\u0103\",\"containere de gunoi\",\"containere semi\u00eengropate\",\"containerele hidraulice Lasso\",\"curatenie urbana\",\"de\u015feuri\",\"de\u015feuri urbane\",\"Design urban\",\"Excelen\u021ba IMM-urilor\",\"managementul de\u0219eurilor\",\"Managementul de\u0219eurilor urbane\",\"mediu\",\"recipiente \u00eengropate\",\"Sustenabilitate\"],\"inLanguage\":\"ro-RO\"},{\"@type\":\"WebPage\",\"@id\":\"https:\\\/\\\/lasso.pt\\\/ro\\\/lasso-isi-consolideaza-prezenta-in-franta-printr-un-nou-proiect-in-chamonix\\\/\",\"url\":\"https:\\\/\\\/lasso.pt\\\/ro\\\/lasso-isi-consolideaza-prezenta-in-franta-printr-un-nou-proiect-in-chamonix\\\/\",\"name\":\"Lasso \u00ee\u0219i consolideaz\u0103 prezen\u021ba \u00een Fran\u021ba printr-un nou proiect \u00een Chamonix - lasso\",\"isPartOf\":{\"@id\":\"https:\\\/\\\/lasso.pt\\\/#website\"},\"primaryImageOfPage\":{\"@id\":\"https:\\\/\\\/lasso.pt\\\/ro\\\/lasso-isi-consolideaza-prezenta-in-franta-printr-un-nou-proiect-in-chamonix\\\/#primaryimage\"},\"image\":{\"@id\":\"https:\\\/\\\/lasso.pt\\\/ro\\\/lasso-isi-consolideaza-prezenta-in-franta-printr-un-nou-proiect-in-chamonix\\\/#primaryimage\"},\"thumbnailUrl\":\"https:\\\/\\\/lasso.pt\\\/wp-content\\\/uploads\\\/2026\\\/04\\\/Chamonix.jpg\",\"datePublished\":\"2026-04-29T15:31:29+00:00\",\"dateModified\":\"2026-04-29T15:38:48+00:00\",\"author\":{\"@id\":\"https:\\\/\\\/lasso.pt\\\/#\\\/schema\\\/person\\\/037fcbc5ef701630790513bbe1a2cc62\"},\"breadcrumb\":{\"@id\":\"https:\\\/\\\/lasso.pt\\\/ro\\\/lasso-isi-consolideaza-prezenta-in-franta-printr-un-nou-proiect-in-chamonix\\\/#breadcrumb\"},\"inLanguage\":\"ro-RO\",\"potentialAction\":[{\"@type\":\"ReadAction\",\"target\":[\"https:\\\/\\\/lasso.pt\\\/ro\\\/lasso-isi-consolideaza-prezenta-in-franta-printr-un-nou-proiect-in-chamonix\\\/\"]}]},{\"@type\":\"ImageObject\",\"inLanguage\":\"ro-RO\",\"@id\":\"https:\\\/\\\/lasso.pt\\\/ro\\\/lasso-isi-consolideaza-prezenta-in-franta-printr-un-nou-proiect-in-chamonix\\\/#primaryimage\",\"url\":\"https:\\\/\\\/lasso.pt\\\/wp-content\\\/uploads\\\/2026\\\/04\\\/Chamonix.jpg\",\"contentUrl\":\"https:\\\/\\\/lasso.pt\\\/wp-content\\\/uploads\\\/2026\\\/04\\\/Chamonix.jpg\",\"width\":1209,\"height\":359,\"caption\":\"Solu\u00e7\u00f5es Lasso em Fran\u00e7a\"},{\"@type\":\"BreadcrumbList\",\"@id\":\"https:\\\/\\\/lasso.pt\\\/ro\\\/lasso-isi-consolideaza-prezenta-in-franta-printr-un-nou-proiect-in-chamonix\\\/#breadcrumb\",\"itemListElement\":[{\"@type\":\"ListItem\",\"position\":1,\"name\":\"Home\",\"item\":\"https:\\\/\\\/lasso.pt\\\/ro\\\/\"},{\"@type\":\"ListItem\",\"position\":2,\"name\":\"Lasso \u00ee\u0219i consolideaz\u0103 prezen\u021ba \u00een Fran\u021ba printr-un nou proiect \u00een Chamonix\"}]},{\"@type\":\"WebSite\",\"@id\":\"https:\\\/\\\/lasso.pt\\\/#website\",\"url\":\"https:\\\/\\\/lasso.pt\\\/\",\"name\":\"lasso\",\"description\":\"Empresa de refer&ecirc;ncia no mercado dos contentores enterrados e semienterrados\",\"potentialAction\":[{\"@type\":\"SearchAction\",\"target\":{\"@type\":\"EntryPoint\",\"urlTemplate\":\"https:\\\/\\\/lasso.pt\\\/?s={search_term_string}\"},\"query-input\":{\"@type\":\"PropertyValueSpecification\",\"valueRequired\":true,\"valueName\":\"search_term_string\"}}],\"inLanguage\":\"ro-RO\"},{\"@type\":\"Person\",\"@id\":\"https:\\\/\\\/lasso.pt\\\/#\\\/schema\\\/person\\\/037fcbc5ef701630790513bbe1a2cc62\",\"name\":\"Marco Ferreira\",\"image\":{\"@type\":\"ImageObject\",\"inLanguage\":\"ro-RO\",\"@id\":\"https:\\\/\\\/secure.gravatar.com\\\/avatar\\\/f7aaa8671715ef738c0fdf16d814d74c5290b5389e5576b876d3031350976d1a?s=96&d=mm&r=g\",\"url\":\"https:\\\/\\\/secure.gravatar.com\\\/avatar\\\/f7aaa8671715ef738c0fdf16d814d74c5290b5389e5576b876d3031350976d1a?s=96&d=mm&r=g\",\"contentUrl\":\"https:\\\/\\\/secure.gravatar.com\\\/avatar\\\/f7aaa8671715ef738c0fdf16d814d74c5290b5389e5576b876d3031350976d1a?s=96&d=mm&r=g\",\"caption\":\"Marco Ferreira\"},\"url\":\"https:\\\/\\\/lasso.pt\\\/ro\\\/author\\\/marco-alexandre-ferreira\\\/\"}]}<\/script>\n<!-- \/ Yoast SEO plugin. -->","yoast_head_json":{"title":"Lasso \u00ee\u0219i consolideaz\u0103 prezen\u021ba \u00een Fran\u021ba printr-un nou proiect \u00een Chamonix - lasso","robots":{"index":"index","follow":"follow","max-snippet":"max-snippet:-1","max-image-preview":"max-image-preview:large","max-video-preview":"max-video-preview:-1"},"canonical":"https:\/\/lasso.pt\/ro\/lasso-isi-consolideaza-prezenta-in-franta-printr-un-nou-proiect-in-chamonix\/","og_locale":"ro_RO","og_type":"article","og_title":"Lasso \u00ee\u0219i consolideaz\u0103 prezen\u021ba \u00een Fran\u021ba printr-un nou proiect \u00een Chamonix - lasso","og_description":"Lasso a c\u00e2\u0219tigat recent o licita\u021bie interna\u021bional\u0103 important\u0103 \u00een Vall\u00e9e de Chamonix &#8211; Mont-Blanc, Fran\u021ba, \u00een colaborare cu partenerul s\u0103u exclusiv Contenur, consolid\u00e2ndu-\u0219i astfel pozi\u021bia ca reper \u00een dezvoltarea de solu\u021bii inovatoare pentru managementul de\u0219eurilor urbane. Primele livr\u0103ri ale proiectului sunt deja \u00een curs, marc\u00e2nd lansarea unei ini\u021biative strategice menite s\u0103 modernizeze sistemul existent de [&hellip;]","og_url":"https:\/\/lasso.pt\/ro\/lasso-isi-consolideaza-prezenta-in-franta-printr-un-nou-proiect-in-chamonix\/","og_site_name":"lasso","article_published_time":"2026-04-29T15:31:29+00:00","article_modified_time":"2026-04-29T15:38:48+00:00","og_image":[{"width":1209,"height":359,"url":"https:\/\/lasso.pt\/wp-content\/uploads\/2026\/04\/Chamonix.jpg","type":"image\/jpeg"}],"author":"Marco Ferreira","twitter_card":"summary_large_image","twitter_misc":{"Scris de":"Marco Ferreira","Timp estimat pentru citire":"1 minut"},"schema":{"@context":"https:\/\/schema.org","@graph":[{"@type":"Article","@id":"https:\/\/lasso.pt\/ro\/lasso-isi-consolideaza-prezenta-in-franta-printr-un-nou-proiect-in-chamonix\/#article","isPartOf":{"@id":"https:\/\/lasso.pt\/ro\/lasso-isi-consolideaza-prezenta-in-franta-printr-un-nou-proiect-in-chamonix\/"},"author":{"name":"Marco Ferreira","@id":"https:\/\/lasso.pt\/#\/schema\/person\/037fcbc5ef701630790513bbe1a2cc62"},"headline":"Lasso \u00ee\u0219i consolideaz\u0103 prezen\u021ba \u00een Fran\u021ba printr-un nou proiect \u00een Chamonix","datePublished":"2026-04-29T15:31:29+00:00","dateModified":"2026-04-29T15:38:48+00:00","mainEntityOfPage":{"@id":"https:\/\/lasso.pt\/ro\/lasso-isi-consolideaza-prezenta-in-franta-printr-un-nou-proiect-in-chamonix\/"},"wordCount":265,"image":{"@id":"https:\/\/lasso.pt\/ro\/lasso-isi-consolideaza-prezenta-in-franta-printr-un-nou-proiect-in-chamonix\/#primaryimage"},"thumbnailUrl":"https:\/\/lasso.pt\/wp-content\/uploads\/2026\/04\/Chamonix.jpg","keywords":["biode\u0219euri","colectare selectiv\u0103","curatenie urbana","de\u015feuri urbane","Interna\u021bionalizarea","managementul de\u0219eurilor","PT2030","reciclare","recipiente \u00eengropate","Waste Management"],"articleSection":["biode\u0219euri","colectare selectiv\u0103","containere de gunoi","containere semi\u00eengropate","containerele hidraulice Lasso","curatenie urbana","de\u015feuri","de\u015feuri urbane","Design urban","Excelen\u021ba IMM-urilor","managementul de\u0219eurilor","Managementul de\u0219eurilor urbane","mediu","recipiente \u00eengropate","Sustenabilitate"],"inLanguage":"ro-RO"},{"@type":"WebPage","@id":"https:\/\/lasso.pt\/ro\/lasso-isi-consolideaza-prezenta-in-franta-printr-un-nou-proiect-in-chamonix\/","url":"https:\/\/lasso.pt\/ro\/lasso-isi-consolideaza-prezenta-in-franta-printr-un-nou-proiect-in-chamonix\/","name":"Lasso \u00ee\u0219i consolideaz\u0103 prezen\u021ba \u00een Fran\u021ba printr-un nou proiect \u00een Chamonix - lasso","isPartOf":{"@id":"https:\/\/lasso.pt\/#website"},"primaryImageOfPage":{"@id":"https:\/\/lasso.pt\/ro\/lasso-isi-consolideaza-prezenta-in-franta-printr-un-nou-proiect-in-chamonix\/#primaryimage"},"image":{"@id":"https:\/\/lasso.pt\/ro\/lasso-isi-consolideaza-prezenta-in-franta-printr-un-nou-proiect-in-chamonix\/#primaryimage"},"thumbnailUrl":"https:\/\/lasso.pt\/wp-content\/uploads\/2026\/04\/Chamonix.jpg","datePublished":"2026-04-29T15:31:29+00:00","dateModified":"2026-04-29T15:38:48+00:00","author":{"@id":"https:\/\/lasso.pt\/#\/schema\/person\/037fcbc5ef701630790513bbe1a2cc62"},"breadcrumb":{"@id":"https:\/\/lasso.pt\/ro\/lasso-isi-consolideaza-prezenta-in-franta-printr-un-nou-proiect-in-chamonix\/#breadcrumb"},"inLanguage":"ro-RO","potentialAction":[{"@type":"ReadAction","target":["https:\/\/lasso.pt\/ro\/lasso-isi-consolideaza-prezenta-in-franta-printr-un-nou-proiect-in-chamonix\/"]}]},{"@type":"ImageObject","inLanguage":"ro-RO","@id":"https:\/\/lasso.pt\/ro\/lasso-isi-consolideaza-prezenta-in-franta-printr-un-nou-proiect-in-chamonix\/#primaryimage","url":"https:\/\/lasso.pt\/wp-content\/uploads\/2026\/04\/Chamonix.jpg","contentUrl":"https:\/\/lasso.pt\/wp-content\/uploads\/2026\/04\/Chamonix.jpg","width":1209,"height":359,"caption":"Solu\u00e7\u00f5es Lasso em Fran\u00e7a"},{"@type":"BreadcrumbList","@id":"https:\/\/lasso.pt\/ro\/lasso-isi-consolideaza-prezenta-in-franta-printr-un-nou-proiect-in-chamonix\/#breadcrumb","itemListElement":[{"@type":"ListItem","position":1,"name":"Home","item":"https:\/\/lasso.pt\/ro\/"},{"@type":"ListItem","position":2,"name":"Lasso \u00ee\u0219i consolideaz\u0103 prezen\u021ba \u00een Fran\u021ba printr-un nou proiect \u00een Chamonix"}]},{"@type":"WebSite","@id":"https:\/\/lasso.pt\/#website","url":"https:\/\/lasso.pt\/","name":"lasso","description":"Empresa de refer&ecirc;ncia no mercado dos contentores enterrados e semienterrados","potentialAction":[{"@type":"SearchAction","target":{"@type":"EntryPoint","urlTemplate":"https:\/\/lasso.pt\/?s={search_term_string}"},"query-input":{"@type":"PropertyValueSpecification","valueRequired":true,"valueName":"search_term_string"}}],"inLanguage":"ro-RO"},{"@type":"Person","@id":"https:\/\/lasso.pt\/#\/schema\/person\/037fcbc5ef701630790513bbe1a2cc62","name":"Marco Ferreira","image":{"@type":"ImageObject","inLanguage":"ro-RO","@id":"https:\/\/secure.gravatar.com\/avatar\/f7aaa8671715ef738c0fdf16d814d74c5290b5389e5576b876d3031350976d1a?s=96&d=mm&r=g","url":"https:\/\/secure.gravatar.com\/avatar\/f7aaa8671715ef738c0fdf16d814d74c5290b5389e5576b876d3031350976d1a?s=96&d=mm&r=g","contentUrl":"https:\/\/secure.gravatar.com\/avatar\/f7aaa8671715ef738c0fdf16d814d74c5290b5389e5576b876d3031350976d1a?s=96&d=mm&r=g","caption":"Marco Ferreira"},"url":"https:\/\/lasso.pt\/ro\/author\/marco-alexandre-ferreira\/"}]}},"_links":{"self":[{"href":"https:\/\/lasso.pt\/ro\/wp-json\/wp\/v2\/posts\/8292","targetHints":{"allow":["GET"]}}],"collection":[{"href":"https:\/\/lasso.pt\/ro\/wp-json\/wp\/v2\/posts"}],"about":[{"href":"https:\/\/lasso.pt\/ro\/wp-json\/wp\/v2\/types\/post"}],"author":[{"embeddable":true,"href":"https:\/\/lasso.pt\/ro\/wp-json\/wp\/v2\/users\/3"}],"replies":[{"embeddable":true,"href":"https:\/\/lasso.pt\/ro\/wp-json\/wp\/v2\/comments?post=8292"}],"version-history":[{"count":1,"href":"https:\/\/lasso.pt\/ro\/wp-json\/wp\/v2\/posts\/8292\/revisions"}],"predecessor-version":[{"id":8293,"href":"https:\/\/lasso.pt\/ro\/wp-json\/wp\/v2\/posts\/8292\/revisions\/8293"}],"wp:featuredmedia":[{"embeddable":true,"href":"https:\/\/lasso.pt\/ro\/wp-json\/wp\/v2\/media\/8286"}],"wp:attachment":[{"href":"https:\/\/lasso.pt\/ro\/wp-json\/wp\/v2\/media?parent=8292"}],"wp:term":[{"taxonomy":"category","embeddable":true,"href":"https:\/\/lasso.pt\/ro\/wp-json\/wp\/v2\/categories?post=8292"},{"taxonomy":"post_tag","embeddable":true,"href":"https:\/\/lasso.pt\/ro\/wp-json\/wp\/v2\/tags?post=8292"}],"curies":[{"name":"wp","href":"https:\/\/api.w.org\/{rel}","templated":true}]}}